{"id":36746,"date":"2013-08-13T10:47:47","date_gmt":"2013-08-13T13:47:47","guid":{"rendered":"http:\/\/www.elsindical.com.ar\/notas\/?p=36746"},"modified":"2013-08-14T11:38:20","modified_gmt":"2013-08-14T14:38:20","slug":"tres-de-febrerolo-mataron-de-un-balazo-porque-no-arranco-el-auto-que-le-habian-robado","status":"publish","type":"post","link":"https:\/\/www.elsindical.com.ar\/notas\/tres-de-febrerolo-mataron-de-un-balazo-porque-no-arranco-el-auto-que-le-habian-robado\/","title":{"rendered":"Tres de Febrero:Lo mataron de un balazo porque no arranc\u00f3 el auto que le hab\u00edan robado"},"content":{"rendered":"<p><a href=\"http:\/\/www.elsindical.com.ar\/notas\/var\/www\/html\/notas\/wp-content\/uploads\/2011\/08\/disparo-rev\u00f3lver.jpg\"><img loading=\"lazy\" decoding=\"async\" class=\"alignnone size-medium wp-image-16192\" alt=\"disparo-rev\u00f3lver\" src=\"http:\/\/www.elsindical.com.ar\/notas\/var\/www\/html\/notas\/wp-content\/uploads\/2011\/08\/disparo-rev\u00f3lver-300x248.jpg\" width=\"300\" height=\"248\" srcset=\"https:\/\/www.elsindical.com.ar\/notas\/var\/www\/html\/notas\/wp-content\/uploads\/2011\/08\/disparo-rev\u00f3lver-300x248.jpg 300w, https:\/\/www.elsindical.com.ar\/notas\/var\/www\/html\/notas\/wp-content\/uploads\/2011\/08\/disparo-rev\u00f3lver.jpg 413w\" sizes=\"auto, (max-width: 300px) 100vw, 300px\" \/><\/a>Un joven de<strong> 23 a\u00f1os<\/strong> muri\u00f3 ayer por una herida de bala, tras ser asaltado por tres delincuentes cuando dejaba a su novia en la casa, en el partido de Tres de Febrero.<\/p>\n<p dir=\"ltr\">Un joven de <strong>23\u00a0<\/strong><strong>a\u00f1os<\/strong> fue asesinado ayer cuando dejaba a su novia en su casa, en la localidad bonaerense de Eufrasio \u00c1lvarez, del partido de Tres de Febrero.<\/p>\n<p dir=\"ltr\">El hecho ocurri\u00f3 ayer, pasadas las 05:00 hs.\u00a0de la madrugada, en una vivienda ubicada en Presidente Per\u00f3n al 8900, adonde Nicol\u00e1s Kindiuk lleg\u00f3 con su pareja en su auto, un Peugeot 307, luego de haber pasado el d\u00eda juntos.<\/p>\n<p dir=\"ltr\">Fuentes policiales revelaron que\u00a0la pareja fue interceptada por tres ladrones armados, quienes le robaron la cartera a la novia del muchacho, una peluquera de 27 a\u00f1os y los celulares de ambos.<\/p>\n<p dir=\"ltr\">Seg\u00fan relataron allegados de la familia de la v\u00edctima al diario <em>Clar\u00edn<\/em>, los delincuentes <strong>quisieron llevarse tambi\u00e9n el veh\u00edculo<\/strong>, y habr\u00edan intentado llevarse a la pareja de reh\u00e9n.<\/p>\n<p dir=\"ltr\">La chica fue sentada en el asiento trasero y Kindiuk en el del acompa\u00f1ante. Uno de los ladrones intent\u00f3 poner en marcha el auto, pero al no lograrlo, reaccion\u00f3 contra Nicol\u00e1s, le dispar\u00f3 en el hombro y luego escaparon en otro coche.<\/p>\n<p dir=\"ltr\">El joven fue llevado al Hospital Bocalandro, donde lo intervinieron quir\u00fargicamente durante<strong> siete horas<\/strong> pero no pudieron salvarlo.<\/p>\n<p dir=\"ltr\">El caso, caratulado<strong> \u00abhomicidio\u00bb<\/strong>, qued\u00f3 a cargo de la comisar\u00eda quinta de Tres de Febrero.<\/p>\n","protected":false},"excerpt":{"rendered":"<p>Un joven de 23 a\u00f1os muri\u00f3 ayer por una herida de bala, tras ser asaltado por tres delincuentes cuando dejaba a su novia en la casa, en el partido de Tres de Febrero. Un joven de 23\u00a0a\u00f1os fue asesinado ayer cuando dejaba a su novia en su casa, en la localidad bonaerense de Eufrasio \u00c1lvarez,&hellip;<\/p>\n","protected":false},"author":1,"featured_media":0,"comment_status":"open","ping_status":"open","sticky":false,"template":"","format":"standard","meta":{"footnotes":""},"categories":[22],"tags":[],"class_list":["post-36746","post","type-post","status-publish","format-standard","hentry","category-policiales"],"_links":{"self":[{"href":"https:\/\/www.elsindical.com.ar\/notas\/wp-json\/wp\/v2\/posts\/36746","targetHints":{"allow":["GET"]}}],"collection":[{"href":"https:\/\/www.elsindical.com.ar\/notas\/wp-json\/wp\/v2\/posts"}],"about":[{"href":"https:\/\/www.elsindical.com.ar\/notas\/wp-json\/wp\/v2\/types\/post"}],"author":[{"embeddable":true,"href":"https:\/\/www.elsindical.com.ar\/notas\/wp-json\/wp\/v2\/users\/1"}],"replies":[{"embeddable":true,"href":"https:\/\/www.elsindical.com.ar\/notas\/wp-json\/wp\/v2\/comments?post=36746"}],"version-history":[{"count":1,"href":"https:\/\/www.elsindical.com.ar\/notas\/wp-json\/wp\/v2\/posts\/36746\/revisions"}],"predecessor-version":[{"id":36747,"href":"https:\/\/www.elsindical.com.ar\/notas\/wp-json\/wp\/v2\/posts\/36746\/revisions\/36747"}],"wp:attachment":[{"href":"https:\/\/www.elsindical.com.ar\/notas\/wp-json\/wp\/v2\/media?parent=36746"}],"wp:term":[{"taxonomy":"category","embeddable":true,"href":"https:\/\/www.elsindical.com.ar\/notas\/wp-json\/wp\/v2\/categories?post=36746"},{"taxonomy":"post_tag","embeddable":true,"href":"https:\/\/www.elsindical.com.ar\/notas\/wp-json\/wp\/v2\/tags?post=36746"}],"curies":[{"name":"wp","href":"https:\/\/api.w.org\/{rel}","templated":true}]}}