{"id":36718,"date":"2013-08-11T18:21:49","date_gmt":"2013-08-11T21:21:49","guid":{"rendered":"http:\/\/www.elsindical.com.ar\/notas\/?p=36718"},"modified":"2013-08-11T18:21:49","modified_gmt":"2013-08-11T21:21:49","slug":"presos-bonaerenses-solo-votan-cargos-nacionales","status":"publish","type":"post","link":"https:\/\/www.elsindical.com.ar\/notas\/presos-bonaerenses-solo-votan-cargos-nacionales\/","title":{"rendered":"Presos bonaerenses s\u00f3lo votan cargos nacionales"},"content":{"rendered":"<p><em><a href=\"http:\/\/www.elsindical.com.ar\/notas\/var\/www\/html\/notas\/wp-content\/uploads\/2013\/08\/voto-detenidos.jpg\"><img loading=\"lazy\" decoding=\"async\" class=\"alignnone size-medium wp-image-36719\" alt=\"voto-detenidos\" src=\"http:\/\/www.elsindical.com.ar\/notas\/var\/www\/html\/notas\/wp-content\/uploads\/2013\/08\/voto-detenidos-300x187.jpg\" width=\"300\" height=\"187\" srcset=\"https:\/\/www.elsindical.com.ar\/notas\/var\/www\/html\/notas\/wp-content\/uploads\/2013\/08\/voto-detenidos-300x187.jpg 300w, https:\/\/www.elsindical.com.ar\/notas\/var\/www\/html\/notas\/wp-content\/uploads\/2013\/08\/voto-detenidos.jpg 443w\" sizes=\"auto, (max-width: 300px) 100vw, 300px\" \/><\/a>Unos 10.000 detenidos alojados en las c\u00e1rceles de la provincia de Buenos Aires fueron habilitados para votar en las elecciones primarias que definir\u00e1n las listas de candidatos que competir\u00e1n en las legislativas del 27 de octubre. Los presos ejercen su derecho a sufragar mediante el sistema de boleta \u00fanica.<\/em><\/p>\n<p>Unos 10.000 detenidos alojados en las c\u00e1rceles de la provincia de Buenos Aires fueron habilitados para votar hoy en las elecciones primarias que definir\u00e1n las listas de candidatos que competir\u00e1n en las legislativas nacionales del 27 de octubre pr\u00f3ximo.<\/p>\n<p>Esos 10.000 internos, con prisi\u00f3n preventiva, sin condena firme, est\u00e1n alojados en 49 unidades penitenciarias bonaerenses y tres alcald\u00edas penitenciarias. Quedan fuera de este deber c\u00edvico la Unidad 34 de Melchor Romero, que aloja internos con patolog\u00edas psiqui\u00e1tricas, y la Unidad 22 de Lisandro Olmos, que es un Hospital de Agudos con detenidos en alojamiento transitorio.<\/p>\n<p>Seg\u00fan inform\u00f3 un comunicado del Servicio Penitenciario bonaerense, los presos ejercen su derecho a sufragar mediante el sistema de boleta \u00fanica y se le adjudican los votos seg\u00fan el \u00faltimo domicilio que figura en el documento.<\/p>\n<p>La boletas son dise\u00f1adas por la C\u00e1mara Nacional Electoral y tienen tantas divisiones iguales como agrupaciones pol\u00edticas intervengan en la elecci\u00f3n y cada una las divisiones contiene el nombre y n\u00famero de identificaci\u00f3n de la agrupaci\u00f3n pol\u00edtica, y un espacio destinado a la emisi\u00f3n del voto.<\/p>\n<p>Seg\u00fan se aclar\u00f3, los votos emitidos en cada uno de los establecimientos penitenciarios son remitidos a la C\u00e1mara Nacional Electoral, que, luego de realizar el escrutinio, labra un acta y la remite, a su vez, a cada una de las Juntas Electorales Nacionales con asiento en cada distrito del pa\u00eds.<\/p>\n<p>Se aclar\u00f3 que los detenidos s\u00f3lo podr\u00e1n votar cargos nacionales, por una raz\u00f3n log\u00edstica ya que el padr\u00f3n se confecciona en base a la direcci\u00f3n que figura en el DNI por lo que, por ejemplo, un detenido de La Plata alojado en el penal de San Nicol\u00e1s no contar\u00eda con boletas de los candidatos platenses.<\/p>\n<p>Los comicios en las unidades penales se desarrollar\u00e1n de 8 a 18, el lugar de votaci\u00f3n ser\u00e1n las escuelas que funcionan en los establecimientos carcelarios y los presidentes de mesa ser\u00e1n docentes de las entidades educativas.<\/p>\n<p>Adem\u00e1s de los internos, podr\u00e1n votar en las penitenciar\u00edas los agentes de guardia y los funcionarios civiles del Ministerio de Justicia y Seguridad que cumplir\u00e1n tareas de supervisi\u00f3n.<\/p>\n<p>En las \u00faltimas elecciones registradas del a\u00f1o 2011 la cantidad de internos habilitados para votar fue de 10.827. Este a\u00f1o se encar\u00f3 una nueva campa\u00f1a de documentaci\u00f3n con el Registro Provincial de las Personas, de la Jefatura de Gabinete, en las distintas c\u00e1rceles, inici\u00e1ndose unos 100 tr\u00e1mites diarios.<\/p>\n<p>\u201cLos detenidos tienen acceso a televisores y radios y han podido informarse sobre los candidatos. Adem\u00e1s se efectuaron talleres de formaci\u00f3n y capacitaci\u00f3n en las aulas para concientizar a los alumnos sobre la importancia de elegir representantes legislativos\u201d, precis\u00f3 uno de los supervisores del Ministerio de Justicia y Seguridad.<\/p>\n","protected":false},"excerpt":{"rendered":"<p>Unos 10.000 detenidos alojados en las c\u00e1rceles de la provincia de Buenos Aires fueron habilitados para votar en las elecciones primarias que definir\u00e1n las listas de candidatos que competir\u00e1n en las legislativas del 27 de octubre. Los presos ejercen su derecho a sufragar mediante el sistema de boleta \u00fanica. Unos 10.000 detenidos alojados en las&hellip;<\/p>\n","protected":false},"author":1,"featured_media":0,"comment_status":"open","ping_status":"open","sticky":false,"template":"","format":"standard","meta":{"footnotes":""},"categories":[19],"tags":[154,828,742,244,1544,5106],"class_list":["post-36718","post","type-post","status-publish","format-standard","hentry","category-intramuros","tag-buenos-aires","tag-candidatos","tag-detenidos","tag-elecciones","tag-spb","tag-voto"],"_links":{"self":[{"href":"https:\/\/www.elsindical.com.ar\/notas\/wp-json\/wp\/v2\/posts\/36718","targetHints":{"allow":["GET"]}}],"collection":[{"href":"https:\/\/www.elsindical.com.ar\/notas\/wp-json\/wp\/v2\/posts"}],"about":[{"href":"https:\/\/www.elsindical.com.ar\/notas\/wp-json\/wp\/v2\/types\/post"}],"author":[{"embeddable":true,"href":"https:\/\/www.elsindical.com.ar\/notas\/wp-json\/wp\/v2\/users\/1"}],"replies":[{"embeddable":true,"href":"https:\/\/www.elsindical.com.ar\/notas\/wp-json\/wp\/v2\/comments?post=36718"}],"version-history":[{"count":1,"href":"https:\/\/www.elsindical.com.ar\/notas\/wp-json\/wp\/v2\/posts\/36718\/revisions"}],"predecessor-version":[{"id":36720,"href":"https:\/\/www.elsindical.com.ar\/notas\/wp-json\/wp\/v2\/posts\/36718\/revisions\/36720"}],"wp:attachment":[{"href":"https:\/\/www.elsindical.com.ar\/notas\/wp-json\/wp\/v2\/media?parent=36718"}],"wp:term":[{"taxonomy":"category","embeddable":true,"href":"https:\/\/www.elsindical.com.ar\/notas\/wp-json\/wp\/v2\/categories?post=36718"},{"taxonomy":"post_tag","embeddable":true,"href":"https:\/\/www.elsindical.com.ar\/notas\/wp-json\/wp\/v2\/tags?post=36718"}],"curies":[{"name":"wp","href":"https:\/\/api.w.org\/{rel}","templated":true}]}}