{"id":36707,"date":"2013-08-11T11:28:45","date_gmt":"2013-08-11T14:28:45","guid":{"rendered":"http:\/\/www.elsindical.com.ar\/notas\/?p=36707"},"modified":"2013-08-11T11:28:45","modified_gmt":"2013-08-11T14:28:45","slug":"se-desarrolla-con-normalidad-la-votacion-de-las-elecciones-primarias","status":"publish","type":"post","link":"https:\/\/www.elsindical.com.ar\/notas\/se-desarrolla-con-normalidad-la-votacion-de-las-elecciones-primarias\/","title":{"rendered":"Se desarrolla \u00abcon normalidad\u00bb la votaci\u00f3n de las elecciones primarias"},"content":{"rendered":"<p><a href=\"http:\/\/www.elsindical.com.ar\/notas\/var\/www\/html\/notas\/wp-content\/uploads\/2013\/08\/Daniel-votando-2.jpg\"><img loading=\"lazy\" decoding=\"async\" class=\"alignnone size-medium wp-image-36709\" alt=\"Daniel-votando-2\" src=\"http:\/\/www.elsindical.com.ar\/notas\/var\/www\/html\/notas\/wp-content\/uploads\/2013\/08\/Daniel-votando-2-300x197.jpg\" width=\"300\" height=\"197\" srcset=\"https:\/\/www.elsindical.com.ar\/notas\/var\/www\/html\/notas\/wp-content\/uploads\/2013\/08\/Daniel-votando-2-300x197.jpg 300w, https:\/\/www.elsindical.com.ar\/notas\/var\/www\/html\/notas\/wp-content\/uploads\/2013\/08\/Daniel-votando-2-455x300.jpg 455w, https:\/\/www.elsindical.com.ar\/notas\/var\/www\/html\/notas\/wp-content\/uploads\/2013\/08\/Daniel-votando-2.jpg 531w\" sizes=\"auto, (max-width: 300px) 100vw, 300px\" \/><\/a>El Ministro del Interior, <strong>Florencio Randazzo<\/strong>, inform\u00f3 que \u201cpasadas las 9:30 ya estaban constituidas las 90.600 mesas electorales\u00bb. <strong>M\u00e1s de<\/strong> <strong>30 millones de argentinos<\/strong> est\u00e1n habilitados para decidir los candidatos a legisladores que participar\u00e1n de las elecciones del 27 de octubre.\u00a0<strong>Debuta el voto joven optativo<\/strong>.<\/p>\n<p>La\u00a0Argentina\u00a0celebra este domingo la segunda experiencia de las primarias abiertas, simult\u00e1neas y obligatorias (PASO). Entre las 8 y las 18, podr\u00e1n votar los\u00a0<strong>30.530.323<\/strong>\u00a0ciudadanos habilitados.<\/p>\n<p>\u201cSe est\u00e1 votando con normalidad en todo el pa\u00eds\u201d, subray\u00f3 Randazzo, quien destac\u00f3 que \u201chay una <strong>muy buena concurrencia de votantes desde temprano<\/strong>\u201d.<\/p>\n<p>El funcionario indic\u00f3 que \u201cen promedio cada ciudadano tarda <strong>menos de dos minutos<\/strong> en emitir el voto, firmar el padr\u00f3n y llevarse el comprobante firmado por el presidente de mesa\u201d.<\/p>\n<p>En este marco, la Justicia Electoral de la Capital Federal convoc\u00f3 para las 11 de hoy a una <strong>reuni\u00f3n de apoderados de todas las fuerzas pol\u00edticas<\/strong> y alianzas que compiten en las primarias para evaluar el desarrollo de los comicios.\u00a0As\u00ed lo informaron hace instantes fuentes de la Secretar\u00eda Electoral, que describieron que en torno a las 9:30 las elecciones se desarrollan \u00ab<strong>con absoluta normalidad<\/strong>\u00bb y que todos los centros de votaci\u00f3n con sus respectivas mesas ya fueron habilitados.<\/p>\n<p>Para los comicios, el\u00a0Gobierno\u00a0moviliz\u00f3 90.000 efectivos de las fuerzas armadas y de seguridad, y 40.000 agentes del servicio de correo. Habr\u00e1, adem\u00e1s, 181.000 presidentes de mesa y m\u00e1s de 300.000 fiscales.<\/p>\n<p>La\u00a0novedad m\u00e1s destacada\u00a0de esta elecci\u00f3n es el debut oficial del llamado voto joven, de car\u00e1cter opcional:\u00a0<strong>592.344 adolescentes de 16 y 17<\/strong>\u00a0(que representan poco menos del 2% del padr\u00f3n) pueden sufragar, pero s\u00f3lo si lo desean. Otros de los cambios trascendentes son que los votantes pueden utilizar cualquier Documento Nacional de Identidad siempre que sea el \u00faltimo emitido, y que la constancia que reciben una vez que sufragan es un troquel impreso, y no un sello como ocurr\u00eda hasta ahora.<strong>\u00a0<\/strong><\/p>\n<p>A primera hora de la ma\u00f1ana, fuentes judiciales reiteraron la recomendaci\u00f3n que en la semana hizo al electorado porte\u00f1o la jueza federal con competencia electoral de la Capital, <strong>Mar\u00eda Servini de Cubr\u00eda<\/strong>, para que se vote temprano. La magistrada hab\u00eda dado ese consejo \u00abdebido a las modificaciones sustanciales que se incorporan este a\u00f1o en el proceso de votaci\u00f3n\u00bb, en relaci\u00f3n a los cambios mencionados.<\/p>\n<p>En la Provincia, el ministro de Justicia y Seguridad bonaerense, <strong>Ricardo Casal<\/strong>, advirti\u00f3 hoy que \u00abes probable\u00bb que el cierre de las elecciones en el distrito <strong>se demore \u00abuna hora\u00bb respecto de la clausura prevista a las 18<\/strong>, a ra\u00edz de inconvenientes en la apertura de algunas mesas. Y lo atribuy\u00f3 a \u00abla falta de autoridades de mesa, tardanza en abrir las escuelas o que el correo lleg\u00f3 tarde\u00bb.<\/p>\n<p>No obstante, aclar\u00f3: \u00abHasta ahora est\u00e1 todo ordenado; estamos bien, hay m\u00e1s de 32 mil polic\u00edas en la calle\u00bb.<\/p>\n<p><strong>Gran encuesta nacional<\/strong><\/p>\n<p>Pese a que las\u00a0PASO\u00a0nacieron con el fin de que la ciudadan\u00eda participe de la depuraci\u00f3n interna de cada fuerza para elegir a sus candidatos, este a\u00f1o \u2013como en 2011- la mayor\u00eda de los partidos y frentes presenta listas \u00fanicas, sobre todo en los distritos m\u00e1s importantes. De modo que, salvo pocas excepciones, los comicios servir\u00e1n m\u00e1s que nada como un\u00a0<strong>term\u00f3metro de cara a las legislativas del 27 de octubre<\/strong>, una contienda para que los candidatos midan sus posibilidades a futuro.<\/p>\n<p>En los casos en los que habr\u00e1 internas, \u00e9stas servir\u00e1n como ordenador para la boleta final seg\u00fan los par\u00e1metros que acord\u00f3 el propio frente. En Unen, por ejemplo, que agrupa a buena parte de la oferta de centroizquierda en la ciudad de Buenos Aires, ingresar\u00e1n s\u00f3lo los candidatos de las listas que superen el 22% de los votos; el reparto para diputados ser\u00e1 por sistema D\u00b4Hont, mientras que para el Senado competir\u00e1 la dupla que resulte ganadora.<\/p>\n<p>Relegadas apenas a un pu\u00f1ado de experiencias en todo el pa\u00eds, las internas no ser\u00e1n entonces el filtro m\u00e1s determinante para las legislativas. Ese factor lo cumplir\u00e1 el\u00a0<strong>piso m\u00ednimo de votos<\/strong>\u00a0que impone la ley para llegar a esa fecha: los candidatos que pretendan competir en octubre deber\u00e1n alcanzar el 1,5% del padr\u00f3n de su distrito. De no hacerlo, quedar\u00e1n excluidos. Para los frentes que tengan internas, bastar\u00e1 con que la suma de todas las listas llegue a ese porcentaje.<strong>\u00a0<\/strong><\/p>\n<p><strong>La pelea de cara a octubre<\/strong><\/p>\n<p>El foco de atenci\u00f3n se posar\u00e1 principalmente en los distritos con mayor volumen de electores. Consolidada como la m\u00e1s importante con uno de cada tres votantes a nivel pa\u00eds, la provincia de Buenos Aires ser\u00e1 el escenario central de la disputa. C\u00f3rdoba, Santa Fe, C.A.B.A (que\u00a0por primera vez sali\u00f3 del podio) y\u00a0\u00a0Mendoza completan la lista. En conjunto, agrupan dos terceras partes del padr\u00f3n.<\/p>\n<p>Los resultados de esas provincias y de la ciudad de Buenos Aires ser\u00e1n clave para las elecciones legislativas, puesto que en esa ocasi\u00f3n\u00a0<strong>se renovar\u00e1 la mitad de la C\u00e1mara de Diputados<\/strong>: 127 bancas.<\/p>\n<p>En el Senado, en cambio, se pondr\u00e1n en juego un tercio de los esca\u00f1os (24). Adem\u00e1s de la Ciudad, las primarias servir\u00e1n para que se oficialicen los candidatos a la C\u00e1mara alta en Salta, Santiago del Estero, Chaco, Entre R\u00edos, Neuqu\u00e9n, R\u00edo Negro y Tierra del Fuego.<\/p>\n<p><strong>Veda y resultados\u00a0\u00a0\u00a0\u00a0\u00a0\u00a0<\/strong><\/p>\n<p>El director nacional electoral,\u00a0<strong>Alejandro Tullio<\/strong>, indic\u00f3 esta semana que\u00a0los primeros resultados comenzar\u00e1n a difundirse\u00a0<strong>a partir de las 21<\/strong>. Hasta esa hora estar\u00e1 prohibida la difusi\u00f3n de encuestas a boca de urna y proyecciones, seg\u00fan lo contempla el inciso H del art\u00edculo 71 del C\u00f3digo Nacional Electoral.<\/p>\n<p>La veda correr\u00e1 para la prensa y los blogs, pero\u00a0<strong>no as\u00ed para las\u00a0redes sociales<\/strong>. \u00abLas cuentas de Twitter y Facebook no est\u00e1n reguladas porque no son universales, por m\u00e1s que est\u00e9n extendidas son consensuales, uno sigue a otras personas, entonces las expresiones del que las firman\u00bb, aclar\u00f3 Tullio.\u00a0<strong>\u00a0<\/strong><\/p>\n","protected":false},"excerpt":{"rendered":"<p>El Ministro del Interior, Florencio Randazzo, inform\u00f3 que \u201cpasadas las 9:30 ya estaban constituidas las 90.600 mesas electorales\u00bb. M\u00e1s de 30 millones de argentinos est\u00e1n habilitados para decidir los candidatos a legisladores que participar\u00e1n de las elecciones del 27 de octubre.\u00a0Debuta el voto joven optativo. La\u00a0Argentina\u00a0celebra este domingo la segunda experiencia de las primarias abiertas,&hellip;<\/p>\n","protected":false},"author":1,"featured_media":0,"comment_status":"open","ping_status":"open","sticky":false,"template":"","format":"standard","meta":{"footnotes":""},"categories":[13],"tags":[2240,244,565],"class_list":["post-36707","post","type-post","status-publish","format-standard","hentry","category-politica","tag-ciudadanos","tag-elecciones","tag-votacion"],"_links":{"self":[{"href":"https:\/\/www.elsindical.com.ar\/notas\/wp-json\/wp\/v2\/posts\/36707","targetHints":{"allow":["GET"]}}],"collection":[{"href":"https:\/\/www.elsindical.com.ar\/notas\/wp-json\/wp\/v2\/posts"}],"about":[{"href":"https:\/\/www.elsindical.com.ar\/notas\/wp-json\/wp\/v2\/types\/post"}],"author":[{"embeddable":true,"href":"https:\/\/www.elsindical.com.ar\/notas\/wp-json\/wp\/v2\/users\/1"}],"replies":[{"embeddable":true,"href":"https:\/\/www.elsindical.com.ar\/notas\/wp-json\/wp\/v2\/comments?post=36707"}],"version-history":[{"count":2,"href":"https:\/\/www.elsindical.com.ar\/notas\/wp-json\/wp\/v2\/posts\/36707\/revisions"}],"predecessor-version":[{"id":36710,"href":"https:\/\/www.elsindical.com.ar\/notas\/wp-json\/wp\/v2\/posts\/36707\/revisions\/36710"}],"wp:attachment":[{"href":"https:\/\/www.elsindical.com.ar\/notas\/wp-json\/wp\/v2\/media?parent=36707"}],"wp:term":[{"taxonomy":"category","embeddable":true,"href":"https:\/\/www.elsindical.com.ar\/notas\/wp-json\/wp\/v2\/categories?post=36707"},{"taxonomy":"post_tag","embeddable":true,"href":"https:\/\/www.elsindical.com.ar\/notas\/wp-json\/wp\/v2\/tags?post=36707"}],"curies":[{"name":"wp","href":"https:\/\/api.w.org\/{rel}","templated":true}]}}