{"id":36690,"date":"2013-08-10T19:01:44","date_gmt":"2013-08-10T22:01:44","guid":{"rendered":"http:\/\/www.elsindical.com.ar\/notas\/?p=36690"},"modified":"2013-08-10T19:01:44","modified_gmt":"2013-08-10T22:01:44","slug":"lanusbrutal-ataque-de-una-patota-a-un-colectivero-de-la-linea-295","status":"publish","type":"post","link":"https:\/\/www.elsindical.com.ar\/notas\/lanusbrutal-ataque-de-una-patota-a-un-colectivero-de-la-linea-295\/","title":{"rendered":"Lan\u00fas:Brutal ataque de una patota a un colectivero de la l\u00ednea 295"},"content":{"rendered":"<p><em><a href=\"http:\/\/www.elsindical.com.ar\/notas\/var\/www\/html\/notas\/wp-content\/uploads\/2013\/08\/l\u00ednea-295.jpg\"><img loading=\"lazy\" decoding=\"async\" class=\"alignnone size-medium wp-image-36691\" alt=\"l\u00ednea-295\" src=\"http:\/\/www.elsindical.com.ar\/notas\/var\/www\/html\/notas\/wp-content\/uploads\/2013\/08\/l\u00ednea-295-300x225.jpg\" width=\"300\" height=\"225\" srcset=\"https:\/\/www.elsindical.com.ar\/notas\/var\/www\/html\/notas\/wp-content\/uploads\/2013\/08\/l\u00ednea-295-300x225.jpg 300w, https:\/\/www.elsindical.com.ar\/notas\/var\/www\/html\/notas\/wp-content\/uploads\/2013\/08\/l\u00ednea-295-399x300.jpg 399w, https:\/\/www.elsindical.com.ar\/notas\/var\/www\/html\/notas\/wp-content\/uploads\/2013\/08\/l\u00ednea-295.jpg 531w\" sizes=\"auto, (max-width: 300px) 100vw, 300px\" \/><\/a>Seis hombres borrachos y drogados subieron al veh\u00edculo con fines de robo simulando ser pasajeros y golpearon salvajemente al chofer. El hombre fue internado tras sufrir p\u00e9rdida de conocimiento.<\/em><\/p>\n<p>Colectiveros de la l\u00ednea 295 reclamaron hoy medidas de mayor seguridad tras denunciar el \u00abbrutal\u00bb ataque sufrido esta ma\u00f1ana por un chofer en la localidad bonaerense de Lan\u00fas, por parte de seis hombres que se subieron al transporte simulando ser pasajeros.<\/p>\n<p>Los trabajadores se reunieron en asamblea, preocupados por este episodio, que deriv\u00f3 en la internaci\u00f3n del chofer en el hospital local, al sufrir p\u00e9rdida de conocimiento.<\/p>\n<p>El hecho se suma al robo que d\u00edas atr\u00e1s afect\u00f3 a otro de sus compa\u00f1eros.<br \/>\n\u00abLas autoridades se comprometieron a resguardar la integridad de los trabajadores ya sea choferes y pasajeros y esto no se ha cumplido\u00bb, denunci\u00f3 Marcelo Rosales, delegado de la l\u00ednea 295.<\/p>\n<p>Rosales cont\u00f3 a DyN que, alrededor de las 06:00 hs. de hoy, el chofer Oscar Carvallo fue atacado por \u00abseis individuos que, alcoholizados y drogados, subieron al colectivo simulando ser pasajeros con fines de robo\u00bb.<\/p>\n<p>Carvallo, puntualiz\u00f3 el dirigente, qued\u00f3 internado \u00abcon p\u00e9rdida de conocimiento\u00bb en el hospital de Lan\u00fas.<\/p>\n","protected":false},"excerpt":{"rendered":"<p>Seis hombres borrachos y drogados subieron al veh\u00edculo con fines de robo simulando ser pasajeros y golpearon salvajemente al chofer. El hombre fue internado tras sufrir p\u00e9rdida de conocimiento. Colectiveros de la l\u00ednea 295 reclamaron hoy medidas de mayor seguridad tras denunciar el \u00abbrutal\u00bb ataque sufrido esta ma\u00f1ana por un chofer en la localidad bonaerense&hellip;<\/p>\n","protected":false},"author":1,"featured_media":0,"comment_status":"open","ping_status":"open","sticky":false,"template":"","format":"standard","meta":{"footnotes":""},"categories":[22],"tags":[1179,652,1739,16759,3648,116],"class_list":["post-36690","post","type-post","status-publish","format-standard","hentry","category-policiales","tag-chofer","tag-colectivo","tag-lesiones","tag-linea-295","tag-patota","tag-robo"],"_links":{"self":[{"href":"https:\/\/www.elsindical.com.ar\/notas\/wp-json\/wp\/v2\/posts\/36690","targetHints":{"allow":["GET"]}}],"collection":[{"href":"https:\/\/www.elsindical.com.ar\/notas\/wp-json\/wp\/v2\/posts"}],"about":[{"href":"https:\/\/www.elsindical.com.ar\/notas\/wp-json\/wp\/v2\/types\/post"}],"author":[{"embeddable":true,"href":"https:\/\/www.elsindical.com.ar\/notas\/wp-json\/wp\/v2\/users\/1"}],"replies":[{"embeddable":true,"href":"https:\/\/www.elsindical.com.ar\/notas\/wp-json\/wp\/v2\/comments?post=36690"}],"version-history":[{"count":1,"href":"https:\/\/www.elsindical.com.ar\/notas\/wp-json\/wp\/v2\/posts\/36690\/revisions"}],"predecessor-version":[{"id":36692,"href":"https:\/\/www.elsindical.com.ar\/notas\/wp-json\/wp\/v2\/posts\/36690\/revisions\/36692"}],"wp:attachment":[{"href":"https:\/\/www.elsindical.com.ar\/notas\/wp-json\/wp\/v2\/media?parent=36690"}],"wp:term":[{"taxonomy":"category","embeddable":true,"href":"https:\/\/www.elsindical.com.ar\/notas\/wp-json\/wp\/v2\/categories?post=36690"},{"taxonomy":"post_tag","embeddable":true,"href":"https:\/\/www.elsindical.com.ar\/notas\/wp-json\/wp\/v2\/tags?post=36690"}],"curies":[{"name":"wp","href":"https:\/\/api.w.org\/{rel}","templated":true}]}}