{"id":36682,"date":"2013-08-10T02:06:14","date_gmt":"2013-08-10T05:06:14","guid":{"rendered":"http:\/\/www.elsindical.com.ar\/notas\/?p=36682"},"modified":"2013-08-10T02:06:30","modified_gmt":"2013-08-10T05:06:30","slug":"efemeridesdel-dia-10-de-agosto-4","status":"publish","type":"post","link":"https:\/\/www.elsindical.com.ar\/notas\/efemeridesdel-dia-10-de-agosto-4\/","title":{"rendered":"EFEM\u00c9RIDES:DEL D\u00cdA 10 DE AGOSTO"},"content":{"rendered":"<p><a href=\"http:\/\/www.elsindical.com.ar\/notas\/var\/www\/html\/notas\/wp-content\/uploads\/2013\/08\/Antonio-Banderas.jpg\"><img loading=\"lazy\" decoding=\"async\" class=\"alignnone size-medium wp-image-36683\" alt=\"Antonio Banderas\" src=\"http:\/\/www.elsindical.com.ar\/notas\/var\/www\/html\/notas\/wp-content\/uploads\/2013\/08\/Antonio-Banderas-300x225.jpg\" width=\"300\" height=\"225\" srcset=\"https:\/\/www.elsindical.com.ar\/notas\/var\/www\/html\/notas\/wp-content\/uploads\/2013\/08\/Antonio-Banderas-300x225.jpg 300w, https:\/\/www.elsindical.com.ar\/notas\/var\/www\/html\/notas\/wp-content\/uploads\/2013\/08\/Antonio-Banderas.jpg 320w\" sizes=\"auto, (max-width: 300px) 100vw, 300px\" \/><\/a>El 10 de agosto de 1830, el Congreso, reunido en Riobamba, decreta la separaci\u00f3n de Nueva Granada y la formaci\u00f3n de la Rep\u00fablica del Ecuador.<\/p>\n<p>1557- Batalla de San Quint\u00edn, en la que tropas espa\u00f1olas vencieron a las francesas y en cuyo recuerdo Felipe II mand\u00f3 construir el Monasterio de El Escorial.<\/p>\n<p>1678- La Paz de Nimega pone fin a la guerra que Luis XIV de Francia sosten\u00eda contra Espa\u00f1a, Holanda, Estados alemanes y Dinamarca.<\/p>\n<p>1792- Revoluci\u00f3n Francesa: Constituci\u00f3n de la Comuna de Par\u00eds.<\/p>\n<p>Los \u00absans-culottes\u00bb toman las Tuller\u00edas y cae la monarqu\u00eda.<\/p>\n<p>1809- Un grupo de patriotas ecuatorianos lanza el grito de independencia en Quito. Las fuerzas leales restablecen el orden.<\/p>\n<p>1819- Bol\u00edvar entra triunfante con sus tropas en Bogot\u00e1.<\/p>\n<p>1823- Nace Antonio Gons\u00e1lves D\u00edas, poeta brasile\u00f1o.<\/p>\n<p>1836- Decreto de constituci\u00f3n de los partidos \u00abColorado\u00bb y \u00abBlanco\u00bb, en Uruguay.<\/p>\n<p>1839- La Academia de Ciencias de Par\u00eds anuncia el descubrimiento del \u00abdaguerrotipo\u00bb, primer paso para la fotograf\u00eda.<\/p>\n<p>1883- Nace Carlos Lav\u00edn Acevedo, music\u00f3logo y compositor chileno.<\/p>\n<p>1884- Nace Felipe Sasone, escritor peruano.<\/p>\n<p>1897- El investigador alem\u00e1n Felix Hoffman, descubridor del \u00e1cido acetilsalic\u00edlico, registra el producto, componente b\u00e1sico de analg\u00e9sicos.<\/p>\n<p>1902- Guerra civil en Hait\u00ed: desembarco de tropas en cabo Haitiano, que entraron en combate y causaron 50 muertos.<\/p>\n<p>1912- Nace Jorge Amado, escritor brasile\u00f1o.<\/p>\n<p>1914- Nace Tensing Norgay, monta\u00f1ero nepal\u00ed. En 1935 conquist\u00f3 el Everest, por primera vez y junto con Edmund Hillary.<\/p>\n<p>1918- Nicaragua y Honduras aceptan el arbitraje de Espa\u00f1a para la fijaci\u00f3n de fronteras.<\/p>\n<p>1920- Se firma el Tratado de Sevres entre Turqu\u00eda y los aliados.<\/p>\n<p>El Imperio Otomano pierde las cuatro quintas partes de su territorio.<\/p>\n<p>1925- Bolivia celebra su primer centenario con la inauguraci\u00f3n del ferrocarril La Paz-Buenos Aires.<\/p>\n<p>1927- Sublevaci\u00f3n de indios en Bolivia, que se extendi\u00f3 a las provincias de Chayanta, Cochabamba y Potos\u00ed.<\/p>\n<p>1929- La poetisa uruguaya Juana Ibarbourou es proclamada \u00abJuana de Am\u00e9rica\u00bb en el Palacio Legislativo de Montevideo.<\/p>\n<p>1934- Mueren 350 personas en Chicago por una ola de calor.<\/p>\n<p>1938- Firma del armisticio entre Jap\u00f3n y la URSS para solucionar el litigio fronterizo de Manchukuo.<\/p>\n<p>1945- Jap\u00f3n solicita de los aliados el armisticio en la II Guerra Mundial. La respuesta fue \u00abrendici\u00f3n incondicional\u00bb.<\/p>\n<p>1960- Nace Antonio Banderas, actor espa\u00f1ol.<\/p>\n<p>1988- Muere Arnulfo Arias, pol\u00edtico paname\u00f1o.<\/p>\n<p>1989- Al menos 108 muertos, 20 desaparecidos y 198 heridos al descarrilar un tren en las proximidades de Guamuchil, estado mexicano de Sinaloa.<\/p>\n<p>1992- El nuevo presidente ecuatoriano, Sixto Dur\u00e1n-Ball\u00e9n, toma posesi\u00f3n en sustituci\u00f3n de Rodrigo Borja.<\/p>\n<p>1994- Muere Ibere Bassani Camargo, pintor brasile\u00f1o.<\/p>\n<p>1994- La escritora bangladesh\u00ed Taslima Nasrin, amenazada de muerte por los fundamentalistas isl\u00e1micos, se refugia en Suecia.<\/p>\n<p>1995- Muere Luis Procuna, torero mexicano.<\/p>\n<p>2000- El presidente congole\u00f1o, Laurent Kabila, ordena el cese de la ofensiva militar en el norte del pa\u00eds contra el Movimiento de Liberaci\u00f3n del Congo (MLC).<\/p>\n<p>2001- M\u00e1s de 400 personas mueren en Angola por la explosi\u00f3n de una mina antitanque al paso de un tren y por el ataque posterior de milicianos de la guerrilla UNITA.<\/p>\n<p>2003- Mueren Jacques Deray, cineasta franc\u00e9s.<\/p>\n<p>2003- Muere Gregory Hines, actor norteamericano.<\/p>\n<p>2005- El ex dictador chileno Augusto Pinochet asume \u00abtoda la responsabilidad\u00bb por sus cuentas secretas en el exterior y el origen de su fortuna. El juez ordena la detenci\u00f3n de su esposa, Luc\u00eda Hiriart, y de su hijo menor.<\/p>\n<p>2007- Mueren 52 personas en combates entre el Ej\u00e9rcito y guerrilleros de Abu Sayaf en la isla de Jol\u00f3 (Filipinas) 2008- China sufre el segundo ataque terrorista durante los Juegos Ol\u00edmpicos, que causa la muerte de ocho personas en la provincia de Xinjiang.<\/p>\n<p>2008- Detenido en Platja d&#8217;Aro (Girona, Espa\u00f1a) el miembro de la mafia napolitana Patrizio Bosti, uno de los treinta criminales m\u00e1s buscados en Italia.<\/p>\n","protected":false},"excerpt":{"rendered":"<p>El 10 de agosto de 1830, el Congreso, reunido en Riobamba, decreta la separaci\u00f3n de Nueva Granada y la formaci\u00f3n de la Rep\u00fablica del Ecuador. 1557- Batalla de San Quint\u00edn, en la que tropas espa\u00f1olas vencieron a las francesas y en cuyo recuerdo Felipe II mand\u00f3 construir el Monasterio de El Escorial. 1678- La Paz&hellip;<\/p>\n","protected":false},"author":1,"featured_media":0,"comment_status":"open","ping_status":"open","sticky":false,"template":"","format":"standard","meta":{"footnotes":""},"categories":[14],"tags":[],"class_list":["post-36682","post","type-post","status-publish","format-standard","hentry","category-efemerides"],"_links":{"self":[{"href":"https:\/\/www.elsindical.com.ar\/notas\/wp-json\/wp\/v2\/posts\/36682","targetHints":{"allow":["GET"]}}],"collection":[{"href":"https:\/\/www.elsindical.com.ar\/notas\/wp-json\/wp\/v2\/posts"}],"about":[{"href":"https:\/\/www.elsindical.com.ar\/notas\/wp-json\/wp\/v2\/types\/post"}],"author":[{"embeddable":true,"href":"https:\/\/www.elsindical.com.ar\/notas\/wp-json\/wp\/v2\/users\/1"}],"replies":[{"embeddable":true,"href":"https:\/\/www.elsindical.com.ar\/notas\/wp-json\/wp\/v2\/comments?post=36682"}],"version-history":[{"count":2,"href":"https:\/\/www.elsindical.com.ar\/notas\/wp-json\/wp\/v2\/posts\/36682\/revisions"}],"predecessor-version":[{"id":36685,"href":"https:\/\/www.elsindical.com.ar\/notas\/wp-json\/wp\/v2\/posts\/36682\/revisions\/36685"}],"wp:attachment":[{"href":"https:\/\/www.elsindical.com.ar\/notas\/wp-json\/wp\/v2\/media?parent=36682"}],"wp:term":[{"taxonomy":"category","embeddable":true,"href":"https:\/\/www.elsindical.com.ar\/notas\/wp-json\/wp\/v2\/categories?post=36682"},{"taxonomy":"post_tag","embeddable":true,"href":"https:\/\/www.elsindical.com.ar\/notas\/wp-json\/wp\/v2\/tags?post=36682"}],"curies":[{"name":"wp","href":"https:\/\/api.w.org\/{rel}","templated":true}]}}