{"id":36632,"date":"2013-08-05T23:07:05","date_gmt":"2013-08-06T02:07:05","guid":{"rendered":"http:\/\/www.elsindical.com.ar\/notas\/?p=36632"},"modified":"2013-08-07T12:19:12","modified_gmt":"2013-08-07T15:19:12","slug":"el-sindical-radio-5-de-agosto-del-2013","status":"publish","type":"post","link":"https:\/\/www.elsindical.com.ar\/notas\/el-sindical-radio-5-de-agosto-del-2013\/","title":{"rendered":"El Sindical Radio 5 de agosto del 2013"},"content":{"rendered":"<p><a href=\"http:\/\/www.elsindical.com.ar\/notas\/var\/www\/html\/notas\/wp-content\/uploads\/2012\/06\/RadiosOnlineFM.jpg\"><img loading=\"lazy\" decoding=\"async\" class=\"alignnone size-medium wp-image-25011\" alt=\"RadiosOnlineFM\" src=\"http:\/\/www.elsindical.com.ar\/notas\/var\/www\/html\/notas\/wp-content\/uploads\/2012\/06\/RadiosOnlineFM-300x250.jpg\" width=\"300\" height=\"250\" srcset=\"https:\/\/www.elsindical.com.ar\/notas\/var\/www\/html\/notas\/wp-content\/uploads\/2012\/06\/RadiosOnlineFM-300x250.jpg 300w, https:\/\/www.elsindical.com.ar\/notas\/var\/www\/html\/notas\/wp-content\/uploads\/2012\/06\/RadiosOnlineFM.jpg 500w\" sizes=\"auto, (max-width: 300px) 100vw, 300px\" \/><\/a>Programa correspondiente al lunes 05 de agosto del 2013, de El Sindical Radio, por FM Boedo, 88.1.<\/p>\n<p>Con la conducci\u00f3n de Valeria Carreras y Marcelo Ricardo Hawrylciw, durante el programa desarrollamos la v\u00edspera de las elecciones del domingo 11 de agosto, con la posici\u00f3n de Valeria respecto a la necesidad de continuar el modelo del oficialismo y un repaso de los logros que se han obtenido desde la pol\u00edtico, social y econ\u00f3mico.<\/p>\n<p>Marcelo brind\u00f3 su opini\u00f3n sobre algunos de los candidatos del oficialismo, por ejemplo Mussi, Ferraresi o la candidatura de su esposa Magdalena Sierra, todos con mucho por criticar para tener como candidatos a esta clase de personajes, que dejan mucho que desear no solo como funcionarios, sino tambi\u00e9n como pol\u00edticos.<\/p>\n<p>Para graficar esto hice referencia a las repuestas de la se\u00f1ora Magdalena Sierra, de su poco inter\u00e9s respecto a la seguridad de los vecinos de Avellaneda.<\/p>\n<p>Hicimos referencia a los motivos de la inseguridad, siendo la droga y el alcohol uno de los disparadores de muchos de los delitos graves que sacuden a diario a la sociedad.<\/p>\n<p>Y como siempre continuamos pidiendo a los que quieran ser solidarios, que pueden comunicarse a <a href=\"https:\/\/www.facebook.com\/sise.puede.73?fref=ts\">Si se puede (Grupo solidario),<\/a> <a href=\"mailto:Sandra@elsindical.com.ar\">Sandra@elsindical.com.ar<\/a> , @elsindical , <a href=\"mailto:editor@elsindical.com.ar\">editor@elsindical.com.ar<\/a> , <a href=\"http:\/\/www.sisepuedeavellaneda.blogspot.com\">www.sisepuedeavellaneda.blogspot.com<\/a><iframe loading=\"lazy\" src=\"http:\/\/www.ivoox.com\/player_ej_2269078_1.html\" height=\"120\" width=\"100%\" allowfullscreen=\"\" frameborder=\"0\" scrolling=\"no\"><\/iframe><\/p>\n<p>&nbsp;<\/p>\n","protected":false},"excerpt":{"rendered":"<p>Programa correspondiente al lunes 05 de agosto del 2013, de El Sindical Radio, por FM Boedo, 88.1. Con la conducci\u00f3n de Valeria Carreras y Marcelo Ricardo Hawrylciw, durante el programa desarrollamos la v\u00edspera de las elecciones del domingo 11 de agosto, con la posici\u00f3n de Valeria respecto a la necesidad de continuar el modelo del&hellip;<\/p>\n","protected":false},"author":1,"featured_media":0,"comment_status":"open","ping_status":"open","sticky":false,"template":"","format":"standard","meta":{"footnotes":""},"categories":[11826],"tags":[22034,1448,11939],"class_list":["post-36632","post","type-post","status-publish","format-standard","hentry","category-el-sindical-radio","tag-el-sindical-radio","tag-marcelo-ricardo-hawrylciw","tag-valeria-carreras"],"_links":{"self":[{"href":"https:\/\/www.elsindical.com.ar\/notas\/wp-json\/wp\/v2\/posts\/36632","targetHints":{"allow":["GET"]}}],"collection":[{"href":"https:\/\/www.elsindical.com.ar\/notas\/wp-json\/wp\/v2\/posts"}],"about":[{"href":"https:\/\/www.elsindical.com.ar\/notas\/wp-json\/wp\/v2\/types\/post"}],"author":[{"embeddable":true,"href":"https:\/\/www.elsindical.com.ar\/notas\/wp-json\/wp\/v2\/users\/1"}],"replies":[{"embeddable":true,"href":"https:\/\/www.elsindical.com.ar\/notas\/wp-json\/wp\/v2\/comments?post=36632"}],"version-history":[{"count":1,"href":"https:\/\/www.elsindical.com.ar\/notas\/wp-json\/wp\/v2\/posts\/36632\/revisions"}],"predecessor-version":[{"id":36633,"href":"https:\/\/www.elsindical.com.ar\/notas\/wp-json\/wp\/v2\/posts\/36632\/revisions\/36633"}],"wp:attachment":[{"href":"https:\/\/www.elsindical.com.ar\/notas\/wp-json\/wp\/v2\/media?parent=36632"}],"wp:term":[{"taxonomy":"category","embeddable":true,"href":"https:\/\/www.elsindical.com.ar\/notas\/wp-json\/wp\/v2\/categories?post=36632"},{"taxonomy":"post_tag","embeddable":true,"href":"https:\/\/www.elsindical.com.ar\/notas\/wp-json\/wp\/v2\/tags?post=36632"}],"curies":[{"name":"wp","href":"https:\/\/api.w.org\/{rel}","templated":true}]}}