{"id":36628,"date":"2013-08-07T00:53:31","date_gmt":"2013-08-07T03:53:31","guid":{"rendered":"http:\/\/www.elsindical.com.ar\/notas\/?p=36628"},"modified":"2013-08-07T00:53:31","modified_gmt":"2013-08-07T03:53:31","slug":"grave-accidente-ocurrido-en-el-taller-san-jose","status":"publish","type":"post","link":"https:\/\/www.elsindical.com.ar\/notas\/grave-accidente-ocurrido-en-el-taller-san-jose\/","title":{"rendered":"Grave accidente ocurrido en el Taller San Jos\u00e9"},"content":{"rendered":"<p><em><a href=\"http:\/\/www.elsindical.com.ar\/notas\/var\/www\/html\/notas\/wp-content\/uploads\/2013\/08\/Taller-San-Jos\u00e9.jpg\"><img loading=\"lazy\" decoding=\"async\" class=\"alignnone size-medium wp-image-36630\" alt=\"Taller-San-Jos\u00e9\" src=\"http:\/\/www.elsindical.com.ar\/notas\/var\/www\/html\/notas\/wp-content\/uploads\/2013\/08\/Taller-San-Jos\u00e9-225x300.jpg\" width=\"225\" height=\"300\" srcset=\"https:\/\/www.elsindical.com.ar\/notas\/var\/www\/html\/notas\/wp-content\/uploads\/2013\/08\/Taller-San-Jos\u00e9-225x300.jpg 225w, https:\/\/www.elsindical.com.ar\/notas\/var\/www\/html\/notas\/wp-content\/uploads\/2013\/08\/Taller-San-Jos\u00e9.jpg 502w\" sizes=\"auto, (max-width: 225px) 100vw, 225px\" \/><\/a>La Asociaci\u00f3n Gremial de Trabajadores del Subte y Premetro informa que el viernes 2 de agosto pasado ocurrio un grave accidente en el Taller San Jos\u00e9 en el que un trabajador recibio una descarga de 1.500 Volt CC.<\/em><\/p>\n<p>El accidente ocurri\u00f3 alrededor de las 18hs, cuando el mecanico fue a realizar el corte de corriente en la unidad Nagoya 865, formaci\u00f3n \u00abJ\u00bb, ubicado debajo y al costado del tren, resbal\u00f3 y a trav\u00e9s de su mano izquierda recibi\u00f3 una descarga electrica, que le origin\u00f3 graves quemaduras. Rapidamente fue trasladado al Sanatorio Dupuytren donde se le practicaron las tareas de curado y cirugia en forma inmediata.<\/p>\n<p>La falta de iluminaci\u00f3n adecuada en ese sector, falta de limpieza correcta, elementos de trabajo obsoletos, es decir, condiciones inseguras de trabajo, son algunas de las situaciones que la AGTSyP denuncia en forma permanente y que son total responsabilidad de la concesionaria Metrovias S.A. y de la propietaria del servicio, Subterraneos de Buenos Aires Sociedad de Estado (SBASE).<\/p>\n<p>COMISION DIRECTIVA<\/p>\n<p>ASOCIACION GREMIAL DE TRABAJADORES DEL SUBTE Y PREMETRO<\/p>\n<p>Contacto:<br \/>\nDelegado Taller San Jos\u00e9<br \/>\nChristian Paletti: 1162079415<\/p>\n<p>AGTSyM<\/p>\n","protected":false},"excerpt":{"rendered":"<p>La Asociaci\u00f3n Gremial de Trabajadores del Subte y Premetro informa que el viernes 2 de agosto pasado ocurrio un grave accidente en el Taller San Jos\u00e9 en el que un trabajador recibio una descarga de 1.500 Volt CC. El accidente ocurri\u00f3 alrededor de las 18hs, cuando el mecanico fue a realizar el corte de corriente&hellip;<\/p>\n","protected":false},"author":1,"featured_media":0,"comment_status":"open","ping_status":"open","sticky":false,"template":"","format":"standard","meta":{"footnotes":""},"categories":[6],"tags":[990,8283,876,16746],"class_list":["post-36628","post","type-post","status-publish","format-standard","hentry","category-denuncias","tag-accidente","tag-premetro","tag-subte","tag-taller-san-jose"],"_links":{"self":[{"href":"https:\/\/www.elsindical.com.ar\/notas\/wp-json\/wp\/v2\/posts\/36628","targetHints":{"allow":["GET"]}}],"collection":[{"href":"https:\/\/www.elsindical.com.ar\/notas\/wp-json\/wp\/v2\/posts"}],"about":[{"href":"https:\/\/www.elsindical.com.ar\/notas\/wp-json\/wp\/v2\/types\/post"}],"author":[{"embeddable":true,"href":"https:\/\/www.elsindical.com.ar\/notas\/wp-json\/wp\/v2\/users\/1"}],"replies":[{"embeddable":true,"href":"https:\/\/www.elsindical.com.ar\/notas\/wp-json\/wp\/v2\/comments?post=36628"}],"version-history":[{"count":2,"href":"https:\/\/www.elsindical.com.ar\/notas\/wp-json\/wp\/v2\/posts\/36628\/revisions"}],"predecessor-version":[{"id":36631,"href":"https:\/\/www.elsindical.com.ar\/notas\/wp-json\/wp\/v2\/posts\/36628\/revisions\/36631"}],"wp:attachment":[{"href":"https:\/\/www.elsindical.com.ar\/notas\/wp-json\/wp\/v2\/media?parent=36628"}],"wp:term":[{"taxonomy":"category","embeddable":true,"href":"https:\/\/www.elsindical.com.ar\/notas\/wp-json\/wp\/v2\/categories?post=36628"},{"taxonomy":"post_tag","embeddable":true,"href":"https:\/\/www.elsindical.com.ar\/notas\/wp-json\/wp\/v2\/tags?post=36628"}],"curies":[{"name":"wp","href":"https:\/\/api.w.org\/{rel}","templated":true}]}}