{"id":36611,"date":"2013-08-06T23:34:19","date_gmt":"2013-08-07T02:34:19","guid":{"rendered":"http:\/\/www.elsindical.com.ar\/notas\/?p=36611"},"modified":"2013-08-06T23:34:19","modified_gmt":"2013-08-07T02:34:19","slug":"no-al-punto-final-para-gerardo-martinez","status":"publish","type":"post","link":"https:\/\/www.elsindical.com.ar\/notas\/no-al-punto-final-para-gerardo-martinez\/","title":{"rendered":"No al \u201cpunto final\u201d para Gerardo Mart\u00ednez"},"content":{"rendered":"<div><em><a href=\"http:\/\/www.elsindical.com.ar\/notas\/var\/www\/html\/notas\/wp-content\/uploads\/2011\/09\/Gerardo-Mart\u00ednez-buch\u00f3n.jpg\"><img loading=\"lazy\" decoding=\"async\" class=\"alignnone size-medium wp-image-16543\" alt=\"Gerardo-Mart\u00ednez-buch\u00f3n\" src=\"http:\/\/www.elsindical.com.ar\/notas\/var\/www\/html\/notas\/wp-content\/uploads\/2011\/09\/Gerardo-Mart\u00ednez-buch\u00f3n-295x300.jpg\" width=\"295\" height=\"300\" srcset=\"https:\/\/www.elsindical.com.ar\/notas\/var\/www\/html\/notas\/wp-content\/uploads\/2011\/09\/Gerardo-Mart\u00ednez-buch\u00f3n-295x300.jpg 295w, https:\/\/www.elsindical.com.ar\/notas\/var\/www\/html\/notas\/wp-content\/uploads\/2011\/09\/Gerardo-Mart\u00ednez-buch\u00f3n.jpg 325w\" sizes=\"auto, (max-width: 295px) 100vw, 295px\" \/><\/a>Ma\u00f1ana, en una audiencia ante la C\u00e1mara de Apelaciones, las organizaciones que denunciamos a Gerardo Mart\u00ednez como miembro del Batall\u00f3n 601, solicitaremos que se revoque la decisi\u00f3n del juez Lijo de rechazar nuestra presentaci\u00f3n como querellantes.<\/em><\/div>\n<div><\/div>\n<div>El Sitraic (Sindicato de los Trabajadores de la Industria de la Construcci\u00f3n y Afines), la Asociaci\u00f3n de ex Detenidos Desaparecidos (AEDD) y otros organismos de derechos humanos, con el patrocinio de Apel, Correpi y Cadep, entre otros, presentamos esta denuncia hace m\u00e1s de dos a\u00f1os, de manera debidamente documentada, y la causa cay\u00f3 en el juzgado a cargo de Ariel Lijo.<\/div>\n<div><\/div>\n<div>Un a\u00f1o m\u00e1s tarde, Lijo resolvi\u00f3 rechazar nuestra presentaci\u00f3n y archivar la causa. Su decisi\u00f3n fue revocada por el tribunal superior, pero el 13 de junio pr\u00f3ximo pasado, en un acto de desobediencia, volvi\u00f3 a rechazar nuestra pretensi\u00f3n. Todo un anticipo de que el juez pretende archivar a causa por segunda vez, sin haber adoptado ninguna medida de prueba.<\/div>\n<div><\/div>\n<div>Rechazamos el \u201cpunto final\u201d en beneficio de Gerardo Mart\u00ednez y as\u00ed lo plantearemos en la audiencia. La resistencia a investigar a los agentes de inteligencia de la dictadura tiene claras razones, porque compromete a personal del ej\u00e9rcito en actividad \u2013como C\u00e9sar Milani- y a actuales sindicalistas, pol\u00edticos y empresarios.<\/div>\n<div align=\"right\">Asociaci\u00f3n de Profesionales en Lucha (APeL)<\/div>\n<div><strong><\/strong><\/div>\n<div><strong>Contacto:<\/strong><\/div>\n<div><\/div>\n<div>Claudia Ferrero (abogada patrocinante): 15 5604 5905<\/div>\n","protected":false},"excerpt":{"rendered":"<p>Ma\u00f1ana, en una audiencia ante la C\u00e1mara de Apelaciones, las organizaciones que denunciamos a Gerardo Mart\u00ednez como miembro del Batall\u00f3n 601, solicitaremos que se revoque la decisi\u00f3n del juez Lijo de rechazar nuestra presentaci\u00f3n como querellantes. El Sitraic (Sindicato de los Trabajadores de la Industria de la Construcci\u00f3n y Afines), la Asociaci\u00f3n de ex Detenidos&hellip;<\/p>\n","protected":false},"author":1,"featured_media":0,"comment_status":"open","ping_status":"open","sticky":false,"template":"","format":"standard","meta":{"footnotes":""},"categories":[8],"tags":[16738,7381,7431,8014,7140,9261],"class_list":["post-36611","post","type-post","status-publish","format-standard","hentry","category-derechos-humanos","tag-apel","tag-batallon-601","tag-correpi","tag-gerardo-martinez","tag-juez-federal-ariel-lijo","tag-sitraic"],"_links":{"self":[{"href":"https:\/\/www.elsindical.com.ar\/notas\/wp-json\/wp\/v2\/posts\/36611","targetHints":{"allow":["GET"]}}],"collection":[{"href":"https:\/\/www.elsindical.com.ar\/notas\/wp-json\/wp\/v2\/posts"}],"about":[{"href":"https:\/\/www.elsindical.com.ar\/notas\/wp-json\/wp\/v2\/types\/post"}],"author":[{"embeddable":true,"href":"https:\/\/www.elsindical.com.ar\/notas\/wp-json\/wp\/v2\/users\/1"}],"replies":[{"embeddable":true,"href":"https:\/\/www.elsindical.com.ar\/notas\/wp-json\/wp\/v2\/comments?post=36611"}],"version-history":[{"count":1,"href":"https:\/\/www.elsindical.com.ar\/notas\/wp-json\/wp\/v2\/posts\/36611\/revisions"}],"predecessor-version":[{"id":36612,"href":"https:\/\/www.elsindical.com.ar\/notas\/wp-json\/wp\/v2\/posts\/36611\/revisions\/36612"}],"wp:attachment":[{"href":"https:\/\/www.elsindical.com.ar\/notas\/wp-json\/wp\/v2\/media?parent=36611"}],"wp:term":[{"taxonomy":"category","embeddable":true,"href":"https:\/\/www.elsindical.com.ar\/notas\/wp-json\/wp\/v2\/categories?post=36611"},{"taxonomy":"post_tag","embeddable":true,"href":"https:\/\/www.elsindical.com.ar\/notas\/wp-json\/wp\/v2\/tags?post=36611"}],"curies":[{"name":"wp","href":"https:\/\/api.w.org\/{rel}","templated":true}]}}