{"id":36609,"date":"2013-08-06T22:35:59","date_gmt":"2013-08-07T01:35:59","guid":{"rendered":"http:\/\/www.elsindical.com.ar\/notas\/?p=36609"},"modified":"2013-08-06T22:35:59","modified_gmt":"2013-08-07T01:35:59","slug":"el-juez-del-caso-rawson-encargo-un-analisis-de-los-cruces-telefonicos","status":"publish","type":"post","link":"https:\/\/www.elsindical.com.ar\/notas\/el-juez-del-caso-rawson-encargo-un-analisis-de-los-cruces-telefonicos\/","title":{"rendered":"El Juez del caso Rawson encarg\u00f3 un an\u00e1lisis de los cruces telef\u00f3nicos"},"content":{"rendered":"<p><em><a href=\"http:\/\/www.elsindical.com.ar\/notas\/var\/www\/html\/notas\/wp-content\/uploads\/2013\/06\/Jorge-Mangeri-y-Diana-Saettone.jpg\"><img loading=\"lazy\" decoding=\"async\" class=\"alignnone size-medium wp-image-35583\" alt=\"Jorge-Mangeri-y-Diana-Saettone\" src=\"http:\/\/www.elsindical.com.ar\/notas\/var\/www\/html\/notas\/wp-content\/uploads\/2013\/06\/Jorge-Mangeri-y-Diana-Saettone-300x193.jpg\" width=\"300\" height=\"193\" srcset=\"https:\/\/www.elsindical.com.ar\/notas\/var\/www\/html\/notas\/wp-content\/uploads\/2013\/06\/Jorge-Mangeri-y-Diana-Saettone-300x193.jpg 300w, https:\/\/www.elsindical.com.ar\/notas\/var\/www\/html\/notas\/wp-content\/uploads\/2013\/06\/Jorge-Mangeri-y-Diana-Saettone-464x300.jpg 464w, https:\/\/www.elsindical.com.ar\/notas\/var\/www\/html\/notas\/wp-content\/uploads\/2013\/06\/Jorge-Mangeri-y-Diana-Saettone.jpg 502w\" sizes=\"auto, (max-width: 300px) 100vw, 300px\" \/><\/a>El magistrado est\u00e1 interesado en las llamadas que mantuvo Mangeri en los d\u00edas previos y posteriores a la muerte de la adolescente. Tambi\u00e9n quiere conocer la informaci\u00f3n que pueden aportar las antenas sobre la ubicaci\u00f3n del portero.<\/em><\/p>\n<p>El juez que investiga el\u00a0crimen de \u00c1ngeles Rawson le encarg\u00f3 el an\u00e1lisis de los\u00a0 <strong>entrecruzamientos telef\u00f3nicos<\/strong> de la causa a una divisi\u00f3n\u00a0especializada de la Polic\u00eda Federal. En una primera instancia, <strong>el magistrado est\u00e1 interesado en las comunicaciones que mantuvo Jorge Mangeri <\/strong>sino tambi\u00e9n la informaci\u00f3n que pueden aportar las antenas de\u00a0celular sobre su ubicaci\u00f3n y en qu\u00e9 momento hizo o recibi\u00f3 alguna\u00a0llamada.<\/p>\n<p>Seg\u00fan informaron hoy fuentes\u00a0judiciales, el\u00a0juez de instrucci\u00f3n Javier R\u00edos convoc\u00f3 a la Divisi\u00f3n Investigaci\u00f3n Federal de\u00a0Organizaciones Criminales (<strong>DIFOC<\/strong>) de la Superintendencia de\u00a0Investigaciones de la Polic\u00eda Federal <strong>por su experiencia en el an\u00e1lisis\u00a0de comunicaciones telef\u00f3nicas.<\/strong><\/p>\n<p>Voceros judiciales informaron a la agencia de noticias T\u00e9lam que ni bien llegue en formato digital la informaci\u00f3n de <strong>las llamadas entrantes y\u00a0salientes de las l\u00edneas de inter\u00e9s para la causa, se enviar\u00e1n a la\u00a0DIFOC<\/strong> para que la cargue en el I-2, el software especializado para\u00a0este tipo de an\u00e1lisis.<\/p>\n<p>Las fuentes explicaron que en una primera etapa del trabajo,\u00a0<strong>el juez est\u00e1 interesado en las comunicaciones que mantuvo el\u00a0imputado Mangeri (45) el d\u00eda del crimen<\/strong> -10 de junio-, <strong>los\u00a0d\u00edas previos y los posteriores<\/strong> hasta su detenci\u00f3n la madrugada del\u00a015 de junio pasado.<\/p>\n<p>El magistrado les remitir\u00e1 a los detectives de la DIFOC\u00a0algunas declaraciones en las que algunos testigos comentaron haber\u00a0recibido llamadas de Mangeri durante esos d\u00edas para que sean\u00a0chequeadas.<\/p>\n<p><strong>El objetivo no s\u00f3lo es saber con qui\u00e9n habl\u00f3 Mangeri esos\u00a0d\u00edas<\/strong>, sino <strong>tambi\u00e9n la informaci\u00f3n que pueden aportar las antenas de\u00a0celular sobre su ubicaci\u00f3n<\/strong> y en qu\u00e9 momento hizo o recibi\u00f3 alguna\u00a0llamada.<\/p>\n<p>En tanto, el juez R\u00edos continuaba analizando la informaci\u00f3n\u00a0que el viernes lleg\u00f3 desde el Servicio de Huellas Digitales\u00a0Gen\u00e9ticas de la Facultad de Farmacia y Bioqu\u00edmica de la Universidad\u00a0de Buenos Aires (UBA).<\/p>\n<p><strong>El dato m\u00e1s sobresaliente de aquel informe es que en tres\u00a0tramos distintos de la soga<\/strong> que anudaba los tobillos del cad\u00e1ver de\u00a0\u00c1ngeles (16) -las muestras M39, M40 y M46- <strong>se detect\u00f3 un perfil\u00a0gen\u00e9tico masculino incompleto<\/strong> cuyos marcadores coinciden con los de\u00a0Mangeri, dando como conclusi\u00f3n que no se puede descartar al portero\u00a0como potencial aportante.<\/p>\n<p>Marcelo Biondi, uno de los abogados del\u00a0portero, dijo al respecto: \u00abNo hay ADN positivo con respecto a Mangeri, es una muestra\u00a0muy parcial que sobre veintid\u00f3s indicadores del cromosoma Y, que\u00a0ser\u00eda el masculino, solamente ocho tienen coincidencia con el\u00a0perfil de \u00e9l\u00bb.<\/p>\n<p>En la misma soga en cuesti\u00f3n tambi\u00e9n <strong>apareci\u00f3 un cabello cuyo estudio morfol\u00f3gico\u00a0-color, grosor y textura-, determin\u00f3 que era compatible con los del\u00a0portero<\/strong>.<\/p>\n<p>Voceros judiciales indicaron adem\u00e1s que el juez espera que a\u00a0fin de mes, y luego de la audiencia oral del pr\u00f3ximo 29 de agosto,\u00a0la Sala VI de la C\u00e1mara del Crimen rechace los dos planteos de\u00a0nulidad presentados por la defensa y confirme el procesamiento con\u00a0 prisi\u00f3n preventiva de Mangeri por homicidio agravado.<\/p>\n<p>Si bien el juez analizaba por estos d\u00edas la posibilidad de\u00a0recaratular el hecho como un homicidio \u00abcriminis causa\u00bb, es decir\u00a0cometido para ocultar un posible ataque sexual, o como un\u00a0\u00abfemicidio\u00bb, las fuentes consultadas indicaron a T\u00e9lam que R\u00edos\u00a0habr\u00eda desechado esa idea.<\/p>\n<p>\u00abQue no se haya detectado ADN de \u00c1ngeles en el departamento\u00a0del portero, que la Junta M\u00e9dica confirmara que no hubo lesiones de\u00a0abuso y que los m\u00e9dicos que analizaron la lesi\u00f3n en la ingle de\u00a0Mangeri no dijeran en forma categ\u00f3rica que fue provocada por una\u00a0ara\u00f1azo, le impiden al juez recaratular el hecho con un m\u00f3vil\u00a0sexual que no puede probar\u00bb, explic\u00f3 una fuente judicial.<\/p>\n<p>Sin embargo, la fuente dijo que el hecho de que la Junta\u00a0M\u00e9dica haya informado que \u00c1ngeles fue atada en vida y que sufri\u00f3\u00a0\u00abuna prolongada agon\u00eda\u00bb, hacen que el juez considere que la\u00a0alevos\u00eda est\u00e1 probada y que podr\u00eda sumar el agravante del\u00a0 ensa\u00f1amiento.<\/p>\n","protected":false},"excerpt":{"rendered":"<p>El magistrado est\u00e1 interesado en las llamadas que mantuvo Mangeri en los d\u00edas previos y posteriores a la muerte de la adolescente. Tambi\u00e9n quiere conocer la informaci\u00f3n que pueden aportar las antenas sobre la ubicaci\u00f3n del portero. El juez que investiga el\u00a0crimen de \u00c1ngeles Rawson le encarg\u00f3 el an\u00e1lisis de los\u00a0 entrecruzamientos telef\u00f3nicos de la&hellip;<\/p>\n","protected":false},"author":1,"featured_media":0,"comment_status":"open","ping_status":"open","sticky":false,"template":"","format":"standard","meta":{"footnotes":""},"categories":[20],"tags":[6417,16454,16737],"class_list":["post-36609","post","type-post","status-publish","format-standard","hentry","category-judiciales","tag-difoc","tag-jorge-mangeri","tag-juez-javier-rios"],"_links":{"self":[{"href":"https:\/\/www.elsindical.com.ar\/notas\/wp-json\/wp\/v2\/posts\/36609","targetHints":{"allow":["GET"]}}],"collection":[{"href":"https:\/\/www.elsindical.com.ar\/notas\/wp-json\/wp\/v2\/posts"}],"about":[{"href":"https:\/\/www.elsindical.com.ar\/notas\/wp-json\/wp\/v2\/types\/post"}],"author":[{"embeddable":true,"href":"https:\/\/www.elsindical.com.ar\/notas\/wp-json\/wp\/v2\/users\/1"}],"replies":[{"embeddable":true,"href":"https:\/\/www.elsindical.com.ar\/notas\/wp-json\/wp\/v2\/comments?post=36609"}],"version-history":[{"count":1,"href":"https:\/\/www.elsindical.com.ar\/notas\/wp-json\/wp\/v2\/posts\/36609\/revisions"}],"predecessor-version":[{"id":36610,"href":"https:\/\/www.elsindical.com.ar\/notas\/wp-json\/wp\/v2\/posts\/36609\/revisions\/36610"}],"wp:attachment":[{"href":"https:\/\/www.elsindical.com.ar\/notas\/wp-json\/wp\/v2\/media?parent=36609"}],"wp:term":[{"taxonomy":"category","embeddable":true,"href":"https:\/\/www.elsindical.com.ar\/notas\/wp-json\/wp\/v2\/categories?post=36609"},{"taxonomy":"post_tag","embeddable":true,"href":"https:\/\/www.elsindical.com.ar\/notas\/wp-json\/wp\/v2\/tags?post=36609"}],"curies":[{"name":"wp","href":"https:\/\/api.w.org\/{rel}","templated":true}]}}