{"id":36602,"date":"2013-08-06T22:24:12","date_gmt":"2013-08-07T01:24:12","guid":{"rendered":"http:\/\/www.elsindical.com.ar\/notas\/?p=36602"},"modified":"2013-08-06T22:24:12","modified_gmt":"2013-08-07T01:24:12","slug":"detienen-a-barras-de-almagro-con-drogas-y-granada","status":"publish","type":"post","link":"https:\/\/www.elsindical.com.ar\/notas\/detienen-a-barras-de-almagro-con-drogas-y-granada\/","title":{"rendered":"Detienen a barras de Almagro con drogas y granada"},"content":{"rendered":"<p><em><a href=\"http:\/\/www.elsindical.com.ar\/notas\/var\/www\/html\/notas\/wp-content\/uploads\/2013\/08\/drogas-barras-de-Almagro.jpg\"><img loading=\"lazy\" decoding=\"async\" class=\"alignnone size-medium wp-image-36604\" alt=\"drogas-barras-de-Almagro\" src=\"http:\/\/www.elsindical.com.ar\/notas\/var\/www\/html\/notas\/wp-content\/uploads\/2013\/08\/drogas-barras-de-Almagro-300x193.jpg\" width=\"300\" height=\"193\" srcset=\"https:\/\/www.elsindical.com.ar\/notas\/var\/www\/html\/notas\/wp-content\/uploads\/2013\/08\/drogas-barras-de-Almagro-300x193.jpg 300w, https:\/\/www.elsindical.com.ar\/notas\/var\/www\/html\/notas\/wp-content\/uploads\/2013\/08\/drogas-barras-de-Almagro-464x300.jpg 464w, https:\/\/www.elsindical.com.ar\/notas\/var\/www\/html\/notas\/wp-content\/uploads\/2013\/08\/drogas-barras-de-Almagro.jpg 502w\" sizes=\"auto, (max-width: 300px) 100vw, 300px\" \/><\/a>A los cinco detenidos por los violentos incidentes ocurridos entre hinchas de ese club, en la localidad bonaerense de Jos\u00e9 Ingenieros,\u00a0se les secuestraron armas, drogas y una granada.<\/em><\/p>\n<p>Cinco personas, entre ellas un pibe de 14 a\u00f1os, fueron detenidas en la causa judicial en la que se investiga los dram\u00e1ticos hechos con armas de fuego registrados el 28 de julio pasado, en la localidad bonaerense de Jos\u00e9 Ingenieros, entre integrantes de la barrabrava del club Almagro. Las autoridades policiales incautaron armas de fuego, drogas y una granada.<\/p>\n<p>Los voceros revelaron que los apresados por los efectivos son <b>Ariel Fernando Mart\u00ednez<\/b>, de 18 a\u00f1os y conocido con el apodo de<b><i> Arielito<\/i><\/b>, <b>Juan Jos\u00e9 Cristaldo<\/b>, de 24,<b> Rub\u00e9n Emanuel Paniagua<\/b>, de 28,\u00a0 <b>Elizabeth Lara Medina<\/b>, de 23, y un adolescente, de 14 a\u00f1os. Los sospechosos fueron localizados al cabo de 5 allanamientos llevados adelante por el personal de la comisar\u00eda 8\u00aa de Tres de Febrero, en su mayor\u00eda dentro del Barrio Ej\u00e9rcito de los Andes, conocido como \u00abEl Fuerte Apache\u00bb, en Ciudadela Norte.<\/p>\n<p>De acuerdo a lo manifestado por los informantes, en los citados procedimientos, los servidores p\u00fablicos secuestraron una granada, un rev\u00f3lver calibre 32 largo, 135 envoltorios de coca\u00edna y un trozo compacto de marihuana. Trascendi\u00f3 que este artefacto explosivo apareci\u00f3 envuelto en una bandera con los colores de la citada instituci\u00f3n deportiva y, a ra\u00edz de su peligrosidad, tuvo que ser detonado por los expertos de la Polic\u00eda Bonaerense.<\/p>\n<p>En su momento, el terrible enfrentamiento entre los barrabravas, que provoc\u00f3 gran consternaci\u00f3n, finaliz\u00f3 con 3 individuos heridos de bala: <b>Marco Cat\u00e1n<\/b>, de 26 a\u00f1os, <b>Cristian Pizarro<\/b>, de 38, y <b>Jonathan Secoti<\/b>, de 25. Al respecto se dice que<b><i> Arielito<\/i><\/b> se encuentra sindicado como uno de los responsables materiales de la agresi\u00f3n padecida por las v\u00edctimas.<\/p>\n","protected":false},"excerpt":{"rendered":"<p>A los cinco detenidos por los violentos incidentes ocurridos entre hinchas de ese club, en la localidad bonaerense de Jos\u00e9 Ingenieros,\u00a0se les secuestraron armas, drogas y una granada. Cinco personas, entre ellas un pibe de 14 a\u00f1os, fueron detenidas en la causa judicial en la que se investiga los dram\u00e1ticos hechos con armas de fuego&hellip;<\/p>\n","protected":false},"author":1,"featured_media":0,"comment_status":"open","ping_status":"open","sticky":false,"template":"","format":"standard","meta":{"footnotes":""},"categories":[22],"tags":[1729,16732,382,16735,4061,16733,16734],"class_list":["post-36602","post","type-post","status-publish","format-standard","hentry","category-policiales","tag-almagro","tag-ariel-fernando-martinez","tag-drogas","tag-elizabeth-lara-medina","tag-granada","tag-juan-josne-cristaldo","tag-ruben-emanuel-paniagua"],"_links":{"self":[{"href":"https:\/\/www.elsindical.com.ar\/notas\/wp-json\/wp\/v2\/posts\/36602","targetHints":{"allow":["GET"]}}],"collection":[{"href":"https:\/\/www.elsindical.com.ar\/notas\/wp-json\/wp\/v2\/posts"}],"about":[{"href":"https:\/\/www.elsindical.com.ar\/notas\/wp-json\/wp\/v2\/types\/post"}],"author":[{"embeddable":true,"href":"https:\/\/www.elsindical.com.ar\/notas\/wp-json\/wp\/v2\/users\/1"}],"replies":[{"embeddable":true,"href":"https:\/\/www.elsindical.com.ar\/notas\/wp-json\/wp\/v2\/comments?post=36602"}],"version-history":[{"count":2,"href":"https:\/\/www.elsindical.com.ar\/notas\/wp-json\/wp\/v2\/posts\/36602\/revisions"}],"predecessor-version":[{"id":36605,"href":"https:\/\/www.elsindical.com.ar\/notas\/wp-json\/wp\/v2\/posts\/36602\/revisions\/36605"}],"wp:attachment":[{"href":"https:\/\/www.elsindical.com.ar\/notas\/wp-json\/wp\/v2\/media?parent=36602"}],"wp:term":[{"taxonomy":"category","embeddable":true,"href":"https:\/\/www.elsindical.com.ar\/notas\/wp-json\/wp\/v2\/categories?post=36602"},{"taxonomy":"post_tag","embeddable":true,"href":"https:\/\/www.elsindical.com.ar\/notas\/wp-json\/wp\/v2\/tags?post=36602"}],"curies":[{"name":"wp","href":"https:\/\/api.w.org\/{rel}","templated":true}]}}