{"id":36598,"date":"2013-08-06T22:17:27","date_gmt":"2013-08-07T01:17:27","guid":{"rendered":"http:\/\/www.elsindical.com.ar\/notas\/?p=36598"},"modified":"2013-08-06T22:17:27","modified_gmt":"2013-08-07T01:17:27","slug":"detuvieron-al-gasista-del-edificio-siniestrado-en-rosario","status":"publish","type":"post","link":"https:\/\/www.elsindical.com.ar\/notas\/detuvieron-al-gasista-del-edificio-siniestrado-en-rosario\/","title":{"rendered":"Detuvieron al gasista del edificio siniestrado en Rosario"},"content":{"rendered":"<p><em><a href=\"http:\/\/www.elsindical.com.ar\/notas\/var\/www\/html\/notas\/wp-content\/uploads\/2013\/08\/explosi\u00f3n-Rosario-bomberos.jpg\"><img loading=\"lazy\" decoding=\"async\" class=\"alignnone size-medium wp-image-36600\" alt=\"explosi\u00f3n-Rosario-bomberos\" src=\"http:\/\/www.elsindical.com.ar\/notas\/var\/www\/html\/notas\/wp-content\/uploads\/2013\/08\/explosi\u00f3n-Rosario-bomberos-300x206.jpg\" width=\"300\" height=\"206\" srcset=\"https:\/\/www.elsindical.com.ar\/notas\/var\/www\/html\/notas\/wp-content\/uploads\/2013\/08\/explosi\u00f3n-Rosario-bomberos-300x206.jpg 300w, https:\/\/www.elsindical.com.ar\/notas\/var\/www\/html\/notas\/wp-content\/uploads\/2013\/08\/explosi\u00f3n-Rosario-bomberos-436x300.jpg 436w, https:\/\/www.elsindical.com.ar\/notas\/var\/www\/html\/notas\/wp-content\/uploads\/2013\/08\/explosi\u00f3n-Rosario-bomberos.jpg 502w\" sizes=\"auto, (max-width: 300px) 100vw, 300px\" \/><\/a>La Justicia estima que se trat\u00f3 de un escape de gas, que habr\u00eda sido denunciado d\u00edas atr\u00e1s.<\/em><\/p>\n<p>El gasista que momentos antes de la explosi\u00f3n estuvo trabajando en el edificio de Boulevar Oro\u00f1o y Salta, en Rosario, ya fue detenido, seg\u00fan inform\u00f3 esta noche el juez de la causa, Jos\u00e9 Mar\u00eda Curto.<\/p>\n<p>A trav\u00e9s de la se\u00f1al de TV <em>Todo Noticias<\/em>, Curto dijo, sin revelar el nombre del gasista: \u00abEsta persona ya est\u00e1 detenida\u00bb. \u00abLa sospecha es que estuvo en los momentos previos (a la explosi\u00f3n), habr\u00e1 que investigar si realmente fue as\u00ed\u00bb, a\u00f1adi\u00f3.<\/p>\n<p>Seg\u00fan dijo, al hombre<strong> \u00ablo detuvo la polic\u00eda en la v\u00eda p\u00fablica\u00bb<\/strong>. \u00abTen\u00eda orden de captura con todos sus datos de identidad\u00bb, indic\u00f3.<\/p>\n<p><strong>La hip\u00f3tesis de la Justicia. <\/strong>El juez que investiga la tr\u00e1gica explosi\u00f3n en Rosario hab\u00eda ordenado <strong>esta tarde detener al \u00faltimo gasista matriculado que trabaj\u00f3 en el edificio<\/strong>. El magistrado se expidi\u00f3 luego de realizar un allanamiento a la empresa Litoral Gas, que le suministraba el servicio al consorcio.<\/p>\n<p>De esta forma, la Justicia tendr\u00eda elementos para sostener que una fuga de gas provoc\u00f3, al menos, la muerte de doce personas y dej\u00f3 a m\u00e1s de sesenta vecinos heridos.<\/p>\n<p>En el expediente figuran dos fechas clave. El 25 de julio y el 2 de\u00a0 agosto el gasista certific\u00f3 actas de trabajo en el edificio, seg\u00fan\u00a0 consign\u00f3 el canal <em>C5N<\/em>. Una vecina cont\u00f3 que \u00ab<strong>hoy ten\u00edan que venir a cambiar el regulador de gas<\/strong>\u00ab.<\/p>\n","protected":false},"excerpt":{"rendered":"<p>La Justicia estima que se trat\u00f3 de un escape de gas, que habr\u00eda sido denunciado d\u00edas atr\u00e1s. El gasista que momentos antes de la explosi\u00f3n estuvo trabajando en el edificio de Boulevar Oro\u00f1o y Salta, en Rosario, ya fue detenido, seg\u00fan inform\u00f3 esta noche el juez de la causa, Jos\u00e9 Mar\u00eda Curto. A trav\u00e9s de&hellip;<\/p>\n","protected":false},"author":1,"featured_media":0,"comment_status":"open","ping_status":"open","sticky":false,"template":"","format":"standard","meta":{"footnotes":""},"categories":[22],"tags":[91,16731,16729,16730],"class_list":["post-36598","post","type-post","status-publish","format-standard","hentry","category-policiales","tag-detenido","tag-gasista","tag-jose-maria-curto","tag-todo-noticias"],"_links":{"self":[{"href":"https:\/\/www.elsindical.com.ar\/notas\/wp-json\/wp\/v2\/posts\/36598","targetHints":{"allow":["GET"]}}],"collection":[{"href":"https:\/\/www.elsindical.com.ar\/notas\/wp-json\/wp\/v2\/posts"}],"about":[{"href":"https:\/\/www.elsindical.com.ar\/notas\/wp-json\/wp\/v2\/types\/post"}],"author":[{"embeddable":true,"href":"https:\/\/www.elsindical.com.ar\/notas\/wp-json\/wp\/v2\/users\/1"}],"replies":[{"embeddable":true,"href":"https:\/\/www.elsindical.com.ar\/notas\/wp-json\/wp\/v2\/comments?post=36598"}],"version-history":[{"count":2,"href":"https:\/\/www.elsindical.com.ar\/notas\/wp-json\/wp\/v2\/posts\/36598\/revisions"}],"predecessor-version":[{"id":36601,"href":"https:\/\/www.elsindical.com.ar\/notas\/wp-json\/wp\/v2\/posts\/36598\/revisions\/36601"}],"wp:attachment":[{"href":"https:\/\/www.elsindical.com.ar\/notas\/wp-json\/wp\/v2\/media?parent=36598"}],"wp:term":[{"taxonomy":"category","embeddable":true,"href":"https:\/\/www.elsindical.com.ar\/notas\/wp-json\/wp\/v2\/categories?post=36598"},{"taxonomy":"post_tag","embeddable":true,"href":"https:\/\/www.elsindical.com.ar\/notas\/wp-json\/wp\/v2\/tags?post=36598"}],"curies":[{"name":"wp","href":"https:\/\/api.w.org\/{rel}","templated":true}]}}