{"id":36581,"date":"2013-08-06T13:16:43","date_gmt":"2013-08-06T16:16:43","guid":{"rendered":"http:\/\/www.elsindical.com.ar\/notas\/?p=36581"},"modified":"2013-08-06T13:16:43","modified_gmt":"2013-08-06T16:16:43","slug":"rosarioviolenta-explosion-en-un-edificio-hay-muertos-heridos-y-los-bomberos-fueron-asaltados","status":"publish","type":"post","link":"https:\/\/www.elsindical.com.ar\/notas\/rosarioviolenta-explosion-en-un-edificio-hay-muertos-heridos-y-los-bomberos-fueron-asaltados\/","title":{"rendered":"Rosario:Violenta explosi\u00f3n en un edificio, hay muertos, heridos y los bomberos fueron asaltados"},"content":{"rendered":"<p><em><a href=\"http:\/\/www.elsindical.com.ar\/notas\/var\/www\/html\/notas\/wp-content\/uploads\/2013\/08\/explosi\u00f3n-Rosario.jpg\"><img loading=\"lazy\" decoding=\"async\" class=\"alignnone size-medium wp-image-36582\" alt=\"explosi\u00f3n-Rosario\" src=\"http:\/\/www.elsindical.com.ar\/notas\/var\/www\/html\/notas\/wp-content\/uploads\/2013\/08\/explosi\u00f3n-Rosario-300x224.jpg\" width=\"300\" height=\"224\" srcset=\"https:\/\/www.elsindical.com.ar\/notas\/var\/www\/html\/notas\/wp-content\/uploads\/2013\/08\/explosi\u00f3n-Rosario-300x224.jpg 300w, https:\/\/www.elsindical.com.ar\/notas\/var\/www\/html\/notas\/wp-content\/uploads\/2013\/08\/explosi\u00f3n-Rosario-400x300.jpg 400w, https:\/\/www.elsindical.com.ar\/notas\/var\/www\/html\/notas\/wp-content\/uploads\/2013\/08\/explosi\u00f3n-Rosario.jpg 502w\" sizes=\"auto, (max-width: 300px) 100vw, 300px\" \/><\/a>Instantes dram\u00e1ticos se viven en estos momentos mientras los bomberos y los rescatistas trabajan contrarreloj para rescatar a los vecinos que se encuentran atrapados bajo los escombros del edificio donde esta ma\u00f1ana una explosi\u00f3n en una caldera provoc\u00f3 <strong>al menos una joven fallecida y entre 10 y 15 personas heridas<\/strong>.\u00a0<\/em><\/p>\n<p>Adem\u00e1s del inmueble que literalmente perdi\u00f3 todo el frente, otros dos edificios estaban en situaci\u00f3n cr\u00edtica por los da\u00f1os que sufrieron.<\/p>\n<p>Uno de los bomberos a cargo del operativo de rescate inform\u00f3 a un canal local que hay gente <strong>bajo los escombros<\/strong>. Un funcionario comunal dijo que los bomberos procuraban\u00a0remover los materiales para retirar a las personas heridas que ped\u00edan\u00a0auxilio, pero a\u00fan no se pod\u00eda precisar cu\u00e1ntos eran los atrapados.<\/p>\n<p>En este marco, el <strong>Grupo Especial de Rescate<\/strong> (GER) del cuerpo de Bomberos de la Polic\u00eda Federal fue enviado esta ma\u00f1ana a Rosario para asistir a los damnificados por la explosi\u00f3n registrada en el edificio ubicado en Salta y Balcarce.<\/p>\n<p>Por orden del secretario de Seguridad, <strong>Sergio Berni<\/strong>, los efectivos del GER se trasladaban a Rosario en un avi\u00f3n de la Prefectura Naval, a\u00f1adieron las fuentes consultadas.<\/p>\n<p>Adem\u00e1s del personal de bomberos que se ocupa de las tareas de rescate, en el lugar hay asignadas 20 ambulancias para atender y trasladar a los heridos que est\u00e1n siendo rescatados del interior del inmueble.<\/p>\n<p>Mar\u00eda Cristina, en di\u00e1logo con un canal de cable, detall\u00f3 que varias dotaciones de bomberos trabajaban para apagar el fuego que a\u00fan persiste en el frente del edificio. \u00abEst\u00e1 todo roto, al principio no entend\u00edamos nada\u00bb, expres\u00f3 la mujer. La vecina describi\u00f3 que el edificio tiene \u00abentre 30 y 40 a\u00f1os\u00bb, aunque se encuentra en una zona cerca del r\u00edo Paran\u00e1 que vivi\u00f3 en los \u00faltimos a\u00f1os un \u00abboom inmobiliario\u00bb.<\/p>\n<p>Uno de los cronistas de <em>Radio2<\/em> que cubre las tareas de rescate tras la explosi\u00f3n de un edificio en Rosario <strong>relat\u00f3 en vivo<\/strong> como un grupo de delincuentes comenz\u00f3 a robar materiales a los bomberos que trabajan en la zona. \u00abEs incre\u00edble que haya gente que se est\u00e9 aprovechando de esto\u00bb, describi\u00f3, at\u00f3nito.<\/p>\n<p>El periodista explic\u00f3 que existe mucho temor entre los vecinos de la zona de que haya saqueos en los comercios y domicilios que tienen sus aberturas rotas por el efecto de la explosi\u00f3n.<\/p>\n<p>El edificio afectado se encuentra en un \u00e1rea comercial, en donde hay varios centros gastron\u00f3micos y hasta una escuela muy concurrida. Tambi\u00e9n hay edificios residenciales donde viven miles de rosarinos.<\/p>\n<p>Esta ma\u00f1ana, una fuerte explosi\u00f3n produjo que se derrumbara parte de un edificio en Rosario. El gobierno confirm\u00f3 que hay al menos un muerte y m\u00e1s de 15 heridos. La Intendencia de Rosario evacu\u00f3 la zona pero los vecinos no quieren dejar el barrio por temor a los robos.<\/p>\n","protected":false},"excerpt":{"rendered":"<p>Instantes dram\u00e1ticos se viven en estos momentos mientras los bomberos y los rescatistas trabajan contrarreloj para rescatar a los vecinos que se encuentran atrapados bajo los escombros del edificio donde esta ma\u00f1ana una explosi\u00f3n en una caldera provoc\u00f3 al menos una joven fallecida y entre 10 y 15 personas heridas.\u00a0 Adem\u00e1s del inmueble que literalmente&hellip;<\/p>\n","protected":false},"author":1,"featured_media":0,"comment_status":"open","ping_status":"open","sticky":false,"template":"","format":"standard","meta":{"footnotes":""},"categories":[25],"tags":[1369,6917,582,649,1174,2208,609],"class_list":["post-36581","post","type-post","status-publish","format-standard","hentry","category-sociedad","tag-bomberos","tag-explosion","tag-heridos","tag-muertos","tag-robos","tag-rosario","tag-santa-fe"],"_links":{"self":[{"href":"https:\/\/www.elsindical.com.ar\/notas\/wp-json\/wp\/v2\/posts\/36581","targetHints":{"allow":["GET"]}}],"collection":[{"href":"https:\/\/www.elsindical.com.ar\/notas\/wp-json\/wp\/v2\/posts"}],"about":[{"href":"https:\/\/www.elsindical.com.ar\/notas\/wp-json\/wp\/v2\/types\/post"}],"author":[{"embeddable":true,"href":"https:\/\/www.elsindical.com.ar\/notas\/wp-json\/wp\/v2\/users\/1"}],"replies":[{"embeddable":true,"href":"https:\/\/www.elsindical.com.ar\/notas\/wp-json\/wp\/v2\/comments?post=36581"}],"version-history":[{"count":1,"href":"https:\/\/www.elsindical.com.ar\/notas\/wp-json\/wp\/v2\/posts\/36581\/revisions"}],"predecessor-version":[{"id":36583,"href":"https:\/\/www.elsindical.com.ar\/notas\/wp-json\/wp\/v2\/posts\/36581\/revisions\/36583"}],"wp:attachment":[{"href":"https:\/\/www.elsindical.com.ar\/notas\/wp-json\/wp\/v2\/media?parent=36581"}],"wp:term":[{"taxonomy":"category","embeddable":true,"href":"https:\/\/www.elsindical.com.ar\/notas\/wp-json\/wp\/v2\/categories?post=36581"},{"taxonomy":"post_tag","embeddable":true,"href":"https:\/\/www.elsindical.com.ar\/notas\/wp-json\/wp\/v2\/tags?post=36581"}],"curies":[{"name":"wp","href":"https:\/\/api.w.org\/{rel}","templated":true}]}}