{"id":3654,"date":"2010-02-15T13:26:49","date_gmt":"2010-02-15T16:26:49","guid":{"rendered":"http:\/\/www.elsindical.com.ar\/notas\/?p=3654"},"modified":"2010-02-15T13:26:49","modified_gmt":"2010-02-15T16:26:49","slug":"jose-c-paz-mataron-a-un-gendarme-de-un-balazo-en-la-cabeza","status":"publish","type":"post","link":"https:\/\/www.elsindical.com.ar\/notas\/jose-c-paz-mataron-a-un-gendarme-de-un-balazo-en-la-cabeza\/","title":{"rendered":"Jos\u00e9 C.Paz: Mataron a un gendarme de un balazo en la cabeza"},"content":{"rendered":"<p id=\"txt_104427_3\" style=\"text-align: justify;\"><em><a href=\"http:\/\/www.elsindical.com.ar\/notas\/var\/www\/html\/notas\/wp-content\/uploads\/2010\/02\/disparos-pistola.jpg\"><img loading=\"lazy\" decoding=\"async\" class=\"alignleft size-full wp-image-3655\" title=\"disparos-pistola\" src=\"http:\/\/www.elsindical.com.ar\/notas\/var\/www\/html\/notas\/wp-content\/uploads\/2010\/02\/disparos-pistola.jpg\" alt=\"\" width=\"236\" height=\"170\" \/><\/a>Ram\u00f3n Valdezzani estaba de civil cuando un delincuente intent\u00f3 robarlo, \u00e9l se resisti\u00f3 y fue ejecutado a tiros frente a su vivienda del barrio Frino. Buscan intensamente al autor del hecho.<\/em><\/p>\n<p style=\"text-align: justify;\">Un gendarme de 49 a\u00f1os fue asesinado esta ma\u00f1ana de un balazo en la cabeza y otro en el abdomen en el partido bonaerense de Jos\u00e9 C.Paz, cuando se dirig\u00eda junto a su hija a un consultorio m\u00e9dico en Campo de Mayo, informaron fuentes policiales.<\/p>\n<p>El hecho ocurri\u00f3 cerca de las siete de esta ma\u00f1ana en la esquina de la calle Trelles y Alvarez Thomas, de Barrio Frino, partido de Jos\u00e9 C. Paz, a cinco cuadras de la estaci\u00f3n de trenes y a solo 200 metros de la comisar\u00eda de la zona.<\/p>\n<p>La v\u00edctima fue identificada como Ram\u00f3n Valdezzani, un sargento ayudante de Gendarmer\u00eda Nacional que prestaba servicios en Campo de Mayo, pero que en la actualidad se encontraba con carpeta m\u00e9dica.<\/p>\n<p>Seg\u00fan los investigadores, todo comenz\u00f3 cerca de las 7 de esta ma\u00f1ana cuando Valdezzani (49) y su hija de 20 a\u00f1os se dirig\u00edan hacia la estaci\u00f3n de trenes para llegar hasta un consultorio m\u00e9dico de Campo de Mayo, donde aparentemente deb\u00eda continuar su seguimiento de la carpeta m\u00e9dica.<\/p>\n","protected":false},"excerpt":{"rendered":"<p>Ram\u00f3n Valdezzani estaba de civil cuando un delincuente intent\u00f3 robarlo, \u00e9l se resisti\u00f3 y fue ejecutado a tiros frente a su vivienda del barrio Frino. Buscan intensamente al autor del hecho. Un gendarme de 49 a\u00f1os fue asesinado esta ma\u00f1ana de un balazo en la cabeza y otro en el abdomen en el partido bonaerense&hellip;<\/p>\n","protected":false},"author":1,"featured_media":0,"comment_status":"open","ping_status":"open","sticky":false,"template":"","format":"standard","meta":{"footnotes":""},"categories":[22],"tags":[39,1785,388,1906],"class_list":["post-3654","post","type-post","status-publish","format-standard","hentry","category-policiales","tag-asesinado","tag-cabeza","tag-disparo","tag-gendarme"],"_links":{"self":[{"href":"https:\/\/www.elsindical.com.ar\/notas\/wp-json\/wp\/v2\/posts\/3654","targetHints":{"allow":["GET"]}}],"collection":[{"href":"https:\/\/www.elsindical.com.ar\/notas\/wp-json\/wp\/v2\/posts"}],"about":[{"href":"https:\/\/www.elsindical.com.ar\/notas\/wp-json\/wp\/v2\/types\/post"}],"author":[{"embeddable":true,"href":"https:\/\/www.elsindical.com.ar\/notas\/wp-json\/wp\/v2\/users\/1"}],"replies":[{"embeddable":true,"href":"https:\/\/www.elsindical.com.ar\/notas\/wp-json\/wp\/v2\/comments?post=3654"}],"version-history":[{"count":2,"href":"https:\/\/www.elsindical.com.ar\/notas\/wp-json\/wp\/v2\/posts\/3654\/revisions"}],"predecessor-version":[{"id":3657,"href":"https:\/\/www.elsindical.com.ar\/notas\/wp-json\/wp\/v2\/posts\/3654\/revisions\/3657"}],"wp:attachment":[{"href":"https:\/\/www.elsindical.com.ar\/notas\/wp-json\/wp\/v2\/media?parent=3654"}],"wp:term":[{"taxonomy":"category","embeddable":true,"href":"https:\/\/www.elsindical.com.ar\/notas\/wp-json\/wp\/v2\/categories?post=3654"},{"taxonomy":"post_tag","embeddable":true,"href":"https:\/\/www.elsindical.com.ar\/notas\/wp-json\/wp\/v2\/tags?post=3654"}],"curies":[{"name":"wp","href":"https:\/\/api.w.org\/{rel}","templated":true}]}}