{"id":36535,"date":"2013-08-03T13:29:23","date_gmt":"2013-08-03T16:29:23","guid":{"rendered":"http:\/\/www.elsindical.com.ar\/notas\/?p=36535"},"modified":"2013-08-03T13:29:23","modified_gmt":"2013-08-03T16:29:23","slug":"remises-en-avellaneda-un-viaje-a-la-aventura","status":"publish","type":"post","link":"https:\/\/www.elsindical.com.ar\/notas\/remises-en-avellaneda-un-viaje-a-la-aventura\/","title":{"rendered":"Remises en Avellaneda, un viaje a la aventura"},"content":{"rendered":"<p style=\"text-align: justify;\">\u00a0 <a href=\"http:\/\/www.elsindical.com.ar\/notas\/var\/www\/html\/notas\/wp-content\/uploads\/2013\/08\/Remises-las-24-hs.jpg\"><img loading=\"lazy\" decoding=\"async\" class=\"alignnone size-medium wp-image-36536\" alt=\"Remises-las-24-hs\" src=\"http:\/\/www.elsindical.com.ar\/notas\/var\/www\/html\/notas\/wp-content\/uploads\/2013\/08\/Remises-las-24-hs-300x150.jpg\" width=\"300\" height=\"150\" srcset=\"https:\/\/www.elsindical.com.ar\/notas\/var\/www\/html\/notas\/wp-content\/uploads\/2013\/08\/Remises-las-24-hs-300x150.jpg 300w, https:\/\/www.elsindical.com.ar\/notas\/var\/www\/html\/notas\/wp-content\/uploads\/2013\/08\/Remises-las-24-hs.jpg 443w\" sizes=\"auto, (max-width: 300px) 100vw, 300px\" \/><\/a><em>Este medio suele recibir inquietudes, denuncias y reclamos de nuestros lectores, donde suelen aportar datos que una vez chequeados se transforman en investigaciones period\u00edsticas, muchas veces en el transcurso de la misma nos encontramos que la expectativa de m\u00ednima supera a la de m\u00e1xima y es donde les pedimos paciencia antes de publicar para poder tener un panorama m\u00e1s completo de la realidad que rodea a esas denuncias.<\/em><\/p>\n<p style=\"text-align: justify;\">Avellaneda, como muchos municipios del conurbano, tiene una amplia oferta de remises, muchos de los cuales no se encuentran en las condiciones t\u00e9cnicas y de limpieza para el servicio que ofrecen, incluso algunos suelen circular con pasajeros sin contar con seguro alguno, registro habilitante o bien sin registro, lo que demuestra la impunidad y la falta de control municipal al respecto, en un hecho que no es menor, ya que a diario son miles las personas que recurren a los remises para sus traslados.<\/p>\n<p style=\"text-align: justify;\">Muchas de las agencias, especialmente las que no est\u00e1n en el centro del partido, sino en los barrios perif\u00e9ricos a zonas de clase media baja o asentamientos, poseen veh\u00edculos que parecen salidos de alguna pel\u00edcula del d\u00eda despu\u00e9s, es decir, sucios, chocados, armados con partes de distintos colores o bien simplemente con los motores fundidos contaminando por dem\u00e1s y generando elevados ruidos que afectan a la salud y calidad de vida de los vecinos, en lo que se denomina contaminaci\u00f3n ambiental sonora o ac\u00fastica.<\/p>\n<p style=\"text-align: justify;\">Esta amenaza concreta que a diario se puede observar en los barrios, parece pasar invisible frente a los funcionarios municipales, algo curioso, porque si hay algo que caracteriza esta gesti\u00f3n es la cantidad de m\u00f3viles circulando, m\u00e1s los particulares con carteles al servicio de X dependencia municipal.<\/p>\n<p style=\"text-align: justify;\">D\u00edas pasados en Jefe de Defensa Civil, nos refer\u00eda el elevado n\u00famero de accidentes automovil\u00edsticos que se dan a diario en el partido, las esquinas m\u00e1s peligrosas y uno no puede omitir pensar que si de prevenci\u00f3n se habla, se hace necesaria una campa\u00f1a de relevamiento de las unidades que prestan servicios como remises, sus condiciones y proceder a clausurar las agencias que no tengan habilitaci\u00f3n o autos con los requisitos m\u00ednimos, adem\u00e1s del secuestro de los veh\u00edculos que se encuentren en condiciones de no brindar el servicio de remis, ya que muchos ponen en riesgo no solo a los pasajeros, sino tambi\u00e9n a terceros.<\/p>\n<p style=\"text-align: justify;\">Quien brinde un servicio en el cual traslade personas y por ende tenga en sus manos vidas, debe como m\u00ednimo acreditar ser una persona responsable para dicha tarea, nadie puede creer o evaluar que quien conduce un veh\u00edculo sin estar en condiciones \u00f3ptimas, sin seguro, sin registro habilitante, sin habilitaci\u00f3n, sin inscripci\u00f3n, y sin abonar multas, pueda tener una conducta diferente frente a un accidente.<\/p>\n<p style=\"text-align: justify;\">Algunos dir\u00e1n que desde el municipio apuntan a la inclusi\u00f3n de los que no pueden ingresar al mercado laboral y quieren trabajar que las cosas sean f\u00e1ciles. No se pretende que estos choferes sean futuros desempleados, pero s\u00ed que tengan la responsabilidad de cumplir con m\u00ednimos requisitos para bien de todos, incluidos ellos mismos.<\/p>\n<p style=\"text-align: justify;\">Muchas veces la gente al subir a un remis solo se fija si est\u00e1 limpio y a veces ni eso, pero no piensan que esos autos con puertas que no cierran bien, con asientos que se mueven, sin cinturones de seguridad, con parabrisas rotos, etc. los est\u00e1n exponiendo de forma grave y hasta los est\u00e1n estafando en el servicio.<\/p>\n<p style=\"text-align: justify;\">A nadie escapa y mucho menos creemos al municipio, que algunas agencias que tienen varios veh\u00edculos en p\u00e9simas condiciones no se preocupan en invertir porque son el medio ideal para algunos delincuentes de movilizarse, sea para realizar alg\u00fan cobro, comprar drogas o viajar sin mostrar sus veh\u00edculos.<\/p>\n<p style=\"text-align: justify;\">Durante la investigaci\u00f3n period\u00edstica, varios choferes entrevistados comentaron la \u00abcoima\u00bb que deben abonar por semana a la polic\u00eda para que no pase a controlar los autos y los choferes, \u00bfles suena la palabra inseguridad?.<\/p>\n<p style=\"text-align: justify;\">Preocupados por esta realidad, le pedimos a los lectores, a los vecinos que nos acompa\u00f1en a mejorar esto, que nos env\u00eden informaci\u00f3n, fotos, lo que consideren que debe ser puesto en conocimiento de las autoridades. Impulsaremos un pedido de informes al respecto y seguiremos informando, por ahora, tomen nota de todo, porque tal vez muchos no sepan que ante una eventual demanda por da\u00f1os y perjuicios, el haber ascendido a un veh\u00edculo con claras caracter\u00edsticas de no estar en condiciones, reduce en un 50% la pretensi\u00f3n, cu\u00eddese, haga valer el pago de su viaje.<\/p>\n<p style=\"text-align: justify;\">\n<p style=\"text-align: justify;\"><em><strong>Por Marcelo Ricardo Hawrylciw<\/strong><\/em><\/p>\n","protected":false},"excerpt":{"rendered":"<p>\u00a0 Este medio suele recibir inquietudes, denuncias y reclamos de nuestros lectores, donde suelen aportar datos que una vez chequeados se transforman en investigaciones period\u00edsticas, muchas veces en el transcurso de la misma nos encontramos que la expectativa de m\u00ednima supera a la de m\u00e1xima y es donde les pedimos paciencia antes de publicar para&hellip;<\/p>\n","protected":false},"author":1,"featured_media":0,"comment_status":"open","ping_status":"open","sticky":false,"template":"","format":"standard","meta":{"footnotes":""},"categories":[1,12],"tags":[1355,461,2436,7739,1718,16715,5920,986],"class_list":["post-36535","post","type-post","status-publish","format-standard","hentry","category-destacadas","category-investigacion","tag-accidentes","tag-avellaneda","tag-controles","tag-habilitaciones","tag-municipio","tag-remises","tag-seguro","tag-vecinos"],"_links":{"self":[{"href":"https:\/\/www.elsindical.com.ar\/notas\/wp-json\/wp\/v2\/posts\/36535","targetHints":{"allow":["GET"]}}],"collection":[{"href":"https:\/\/www.elsindical.com.ar\/notas\/wp-json\/wp\/v2\/posts"}],"about":[{"href":"https:\/\/www.elsindical.com.ar\/notas\/wp-json\/wp\/v2\/types\/post"}],"author":[{"embeddable":true,"href":"https:\/\/www.elsindical.com.ar\/notas\/wp-json\/wp\/v2\/users\/1"}],"replies":[{"embeddable":true,"href":"https:\/\/www.elsindical.com.ar\/notas\/wp-json\/wp\/v2\/comments?post=36535"}],"version-history":[{"count":2,"href":"https:\/\/www.elsindical.com.ar\/notas\/wp-json\/wp\/v2\/posts\/36535\/revisions"}],"predecessor-version":[{"id":36538,"href":"https:\/\/www.elsindical.com.ar\/notas\/wp-json\/wp\/v2\/posts\/36535\/revisions\/36538"}],"wp:attachment":[{"href":"https:\/\/www.elsindical.com.ar\/notas\/wp-json\/wp\/v2\/media?parent=36535"}],"wp:term":[{"taxonomy":"category","embeddable":true,"href":"https:\/\/www.elsindical.com.ar\/notas\/wp-json\/wp\/v2\/categories?post=36535"},{"taxonomy":"post_tag","embeddable":true,"href":"https:\/\/www.elsindical.com.ar\/notas\/wp-json\/wp\/v2\/tags?post=36535"}],"curies":[{"name":"wp","href":"https:\/\/api.w.org\/{rel}","templated":true}]}}