{"id":36518,"date":"2013-08-01T23:04:48","date_gmt":"2013-08-02T02:04:48","guid":{"rendered":"http:\/\/www.elsindical.com.ar\/notas\/?p=36518"},"modified":"2013-08-01T23:04:48","modified_gmt":"2013-08-02T02:04:48","slug":"la-corte-pidio-mas-fondos-al-ejecutivo-para-subir-salarios","status":"publish","type":"post","link":"https:\/\/www.elsindical.com.ar\/notas\/la-corte-pidio-mas-fondos-al-ejecutivo-para-subir-salarios\/","title":{"rendered":"La Corte pidi\u00f3 m\u00e1s fondos al Ejecutivo para subir salarios"},"content":{"rendered":"<p style=\"text-align: justify;\"><em><a href=\"http:\/\/www.elsindical.com.ar\/notas\/var\/www\/html\/notas\/wp-content\/uploads\/2010\/07\/Corte-Suprema2.jpg\"><img loading=\"lazy\" decoding=\"async\" class=\"alignleft size-medium wp-image-7698\" alt=\"Corte-Suprema2\" src=\"http:\/\/www.elsindical.com.ar\/notas\/var\/www\/html\/notas\/wp-content\/uploads\/2010\/07\/Corte-Suprema2-300x179.jpg\" width=\"300\" height=\"179\" srcset=\"https:\/\/www.elsindical.com.ar\/notas\/var\/www\/html\/notas\/wp-content\/uploads\/2010\/07\/Corte-Suprema2-300x179.jpg 300w, https:\/\/www.elsindical.com.ar\/notas\/var\/www\/html\/notas\/wp-content\/uploads\/2010\/07\/Corte-Suprema2.jpg 312w\" sizes=\"auto, (max-width: 300px) 100vw, 300px\" \/><\/a>El M\u00e1ximo Tribunal pretende otorgar un aumento del 10% a los trabajadores del Poder Judicial de \u201ctodas las categor\u00edas del escalaf\u00f3n\u201d, retroactivo al primero de julio.<\/em><\/p>\n<p style=\"text-align: justify;\">La Corte Suprema de Justicia pidi\u00f3 a la Jefatura de Gabinete de la Naci\u00f3n una extensi\u00f3n de la partida presupuestaria que ten\u00eda asignada, para aumentar los salarios de los empleados judiciales.<\/p>\n<p>En su primer acuerdo de ministros tras el receso de invierno, el m\u00e1ximo tribunal hizo el pedido para otorgar un aumento salarial del 10 por ciento a los trabajadores del Poder Judicial de \u201ctodas las categor\u00edas del escalaf\u00f3n\u201d, retroactivo al primero de julio.<\/p>\n<p>Los gastos del Poder Judicial est\u00e1n pautados en la Ley de Presupuesto Nacional pero cada vez que se otorgan incrementos salariales debe pedirse la correspondiente liberaci\u00f3n de fondos a la Jefatura de Gabinete.<\/p>\n","protected":false},"excerpt":{"rendered":"<p>El M\u00e1ximo Tribunal pretende otorgar un aumento del 10% a los trabajadores del Poder Judicial de \u201ctodas las categor\u00edas del escalaf\u00f3n\u201d, retroactivo al primero de julio. La Corte Suprema de Justicia pidi\u00f3 a la Jefatura de Gabinete de la Naci\u00f3n una extensi\u00f3n de la partida presupuestaria que ten\u00eda asignada, para aumentar los salarios de los&hellip;<\/p>\n","protected":false},"author":1,"featured_media":0,"comment_status":"open","ping_status":"open","sticky":false,"template":"","format":"standard","meta":{"footnotes":""},"categories":[20],"tags":[357,733,16712,2281,803],"class_list":["post-36518","post","type-post","status-publish","format-standard","hentry","category-judiciales","tag-aumento","tag-corte-suprema","tag-ley-de-presupuesto-nacional","tag-poder-judicial","tag-salarios"],"_links":{"self":[{"href":"https:\/\/www.elsindical.com.ar\/notas\/wp-json\/wp\/v2\/posts\/36518","targetHints":{"allow":["GET"]}}],"collection":[{"href":"https:\/\/www.elsindical.com.ar\/notas\/wp-json\/wp\/v2\/posts"}],"about":[{"href":"https:\/\/www.elsindical.com.ar\/notas\/wp-json\/wp\/v2\/types\/post"}],"author":[{"embeddable":true,"href":"https:\/\/www.elsindical.com.ar\/notas\/wp-json\/wp\/v2\/users\/1"}],"replies":[{"embeddable":true,"href":"https:\/\/www.elsindical.com.ar\/notas\/wp-json\/wp\/v2\/comments?post=36518"}],"version-history":[{"count":0,"href":"https:\/\/www.elsindical.com.ar\/notas\/wp-json\/wp\/v2\/posts\/36518\/revisions"}],"wp:attachment":[{"href":"https:\/\/www.elsindical.com.ar\/notas\/wp-json\/wp\/v2\/media?parent=36518"}],"wp:term":[{"taxonomy":"category","embeddable":true,"href":"https:\/\/www.elsindical.com.ar\/notas\/wp-json\/wp\/v2\/categories?post=36518"},{"taxonomy":"post_tag","embeddable":true,"href":"https:\/\/www.elsindical.com.ar\/notas\/wp-json\/wp\/v2\/tags?post=36518"}],"curies":[{"name":"wp","href":"https:\/\/api.w.org\/{rel}","templated":true}]}}