{"id":36515,"date":"2013-08-01T22:55:43","date_gmt":"2013-08-02T01:55:43","guid":{"rendered":"http:\/\/www.elsindical.com.ar\/notas\/?p=36515"},"modified":"2013-08-01T22:55:43","modified_gmt":"2013-08-02T01:55:43","slug":"monte-grandedetuvieron-a-dos-hombres-por-vender-droga","status":"publish","type":"post","link":"https:\/\/www.elsindical.com.ar\/notas\/monte-grandedetuvieron-a-dos-hombres-por-vender-droga\/","title":{"rendered":"Monte Grande:Detuvieron a dos hombres por vender droga"},"content":{"rendered":"<p style=\"text-align: justify;\"><em><a href=\"http:\/\/www.elsindical.com.ar\/notas\/var\/www\/html\/notas\/wp-content\/uploads\/2013\/08\/drogas-secuestradas.jpg\"><img loading=\"lazy\" decoding=\"async\" class=\"alignleft size-medium wp-image-36516\" alt=\"drogas-secuestradas\" src=\"http:\/\/www.elsindical.com.ar\/notas\/var\/www\/html\/notas\/wp-content\/uploads\/2013\/08\/drogas-secuestradas-300x180.jpg\" width=\"300\" height=\"180\" srcset=\"https:\/\/www.elsindical.com.ar\/notas\/var\/www\/html\/notas\/wp-content\/uploads\/2013\/08\/drogas-secuestradas-300x180.jpg 300w, https:\/\/www.elsindical.com.ar\/notas\/var\/www\/html\/notas\/wp-content\/uploads\/2013\/08\/drogas-secuestradas-500x300.jpg 500w, https:\/\/www.elsindical.com.ar\/notas\/var\/www\/html\/notas\/wp-content\/uploads\/2013\/08\/drogas-secuestradas.jpg 531w\" sizes=\"auto, (max-width: 300px) 100vw, 300px\" \/><\/a>Dos personas acusadas de vender estupefacientes en la puerta de un colegio fueron detenidas en un operativo por efectivos de la Polic\u00eda Bonaerense en Monte Grande. Durante el allanamiento, se les incaut\u00f3 222 gramos de coca\u00edna, un cargador de pistolas y dinero en efectivo.<\/em><\/p>\n<p style=\"text-align: justify;\">La Polic\u00eda de la Provincia de Buenos Aires detuvo en Monte Grande a dos personas acusadas de vender estupefacientes en la puerta de un colegio y les incautaron 222 gramos de coca\u00edna, un cargador de pistolas y dinero en efectivo.<\/p>\n<p>Luego de un llamado an\u00f3nimo al Sistema de Alertas 911 y arduas tareas de inteligencia se logr\u00f3 determinar que los delincuentes comercializaban los estupefacientes en las cercan\u00edas de una instituci\u00f3n escolar de la localidad en los horarios de entrada y salida de los alumnos.<\/p>\n<p>Tras varios meses de investigaci\u00f3n, seguimientos, obtenci\u00f3n\u00a0 de placas fotogr\u00e1ficas de los imputados y observaciones de manera encubierta se ordenaron los procedimientos en los que\u00a0 se los detuvo.<\/p>\n<p>Los operativos se realizaron en la calle Ortega al 900, donde se secuestr\u00f3 la droga, anotaciones relacionadas a la actividad, elementos para fraccionarla, dinero y un cargador de pistolas calibre 22.<\/p>\n<p>Los allanamientos estuvieron a cargo de personal de la DDI de Esteban Echeverr\u00eda, con la colaboraci\u00f3n de efectivos de la Superintendencia de Investigaciones Tr\u00e1fico Drogas Il\u00edcitas de la misma delegaci\u00f3n.<\/p>\n","protected":false},"excerpt":{"rendered":"<p>Dos personas acusadas de vender estupefacientes en la puerta de un colegio fueron detenidas en un operativo por efectivos de la Polic\u00eda Bonaerense en Monte Grande. Durante el allanamiento, se les incaut\u00f3 222 gramos de coca\u00edna, un cargador de pistolas y dinero en efectivo. La Polic\u00eda de la Provincia de Buenos Aires detuvo en Monte&hellip;<\/p>\n","protected":false},"author":1,"featured_media":0,"comment_status":"open","ping_status":"open","sticky":false,"template":"","format":"standard","meta":{"footnotes":""},"categories":[22],"tags":[],"class_list":["post-36515","post","type-post","status-publish","format-standard","hentry","category-policiales"],"_links":{"self":[{"href":"https:\/\/www.elsindical.com.ar\/notas\/wp-json\/wp\/v2\/posts\/36515","targetHints":{"allow":["GET"]}}],"collection":[{"href":"https:\/\/www.elsindical.com.ar\/notas\/wp-json\/wp\/v2\/posts"}],"about":[{"href":"https:\/\/www.elsindical.com.ar\/notas\/wp-json\/wp\/v2\/types\/post"}],"author":[{"embeddable":true,"href":"https:\/\/www.elsindical.com.ar\/notas\/wp-json\/wp\/v2\/users\/1"}],"replies":[{"embeddable":true,"href":"https:\/\/www.elsindical.com.ar\/notas\/wp-json\/wp\/v2\/comments?post=36515"}],"version-history":[{"count":1,"href":"https:\/\/www.elsindical.com.ar\/notas\/wp-json\/wp\/v2\/posts\/36515\/revisions"}],"predecessor-version":[{"id":36517,"href":"https:\/\/www.elsindical.com.ar\/notas\/wp-json\/wp\/v2\/posts\/36515\/revisions\/36517"}],"wp:attachment":[{"href":"https:\/\/www.elsindical.com.ar\/notas\/wp-json\/wp\/v2\/media?parent=36515"}],"wp:term":[{"taxonomy":"category","embeddable":true,"href":"https:\/\/www.elsindical.com.ar\/notas\/wp-json\/wp\/v2\/categories?post=36515"},{"taxonomy":"post_tag","embeddable":true,"href":"https:\/\/www.elsindical.com.ar\/notas\/wp-json\/wp\/v2\/tags?post=36515"}],"curies":[{"name":"wp","href":"https:\/\/api.w.org\/{rel}","templated":true}]}}