{"id":36505,"date":"2013-08-01T20:54:58","date_gmt":"2013-08-01T23:54:58","guid":{"rendered":"http:\/\/www.elsindical.com.ar\/notas\/?p=36505"},"modified":"2013-08-01T20:54:58","modified_gmt":"2013-08-01T23:54:58","slug":"luego-del-inciendio-de-la-reserva-ecologica-encontraron-restos-humanos-en-el-lugar","status":"publish","type":"post","link":"https:\/\/www.elsindical.com.ar\/notas\/luego-del-inciendio-de-la-reserva-ecologica-encontraron-restos-humanos-en-el-lugar\/","title":{"rendered":"Luego del inciendio de la Reserva Ecol\u00f3gica encontraron restos humanos en el lugar"},"content":{"rendered":"<p style=\"text-align: justify;\"><em><a href=\"http:\/\/www.elsindical.com.ar\/notas\/var\/www\/html\/notas\/wp-content\/uploads\/2013\/08\/Restos-humanos-en-la-Reserva-Ecol\u00f3gica.jpg\"><img loading=\"lazy\" decoding=\"async\" class=\"alignleft size-medium wp-image-36506\" alt=\"Restos-humanos-en-la-Reserva-Ecol\u00f3gica\" src=\"http:\/\/www.elsindical.com.ar\/notas\/var\/www\/html\/notas\/wp-content\/uploads\/2013\/08\/Restos-humanos-en-la-Reserva-Ecol\u00f3gica-300x224.jpg\" width=\"300\" height=\"224\" srcset=\"https:\/\/www.elsindical.com.ar\/notas\/var\/www\/html\/notas\/wp-content\/uploads\/2013\/08\/Restos-humanos-en-la-Reserva-Ecol\u00f3gica-300x224.jpg 300w, https:\/\/www.elsindical.com.ar\/notas\/var\/www\/html\/notas\/wp-content\/uploads\/2013\/08\/Restos-humanos-en-la-Reserva-Ecol\u00f3gica-400x300.jpg 400w, https:\/\/www.elsindical.com.ar\/notas\/var\/www\/html\/notas\/wp-content\/uploads\/2013\/08\/Restos-humanos-en-la-Reserva-Ecol\u00f3gica.jpg 502w\" sizes=\"auto, (max-width: 300px) 100vw, 300px\" \/><\/a>Un d\u00eda despu\u00e9s del incendio que afect\u00f3 al predio de la Costanera Sur, se conoci\u00f3 que en la zona del siniestro<strong>\u00a0fue hallado\u00a0un cuerpo calcinado<\/strong>.<\/em><\/p>\n<p style=\"text-align: justify;\">Las autoridades encontraron restos \u00f3seos: un cr\u00e1neo, tibia y peron\u00e9, que fueron enviados a la morgue para la investigaci\u00f3n. A\u00fan no se pudo determinar el sexo y las autoridades\u00a0<strong>trabajan para establecer si tiene alguna vinculaci\u00f3n con el incendio<\/strong>.<\/p>\n<p style=\"text-align: justify;\">Creen que los restos son de vieja data; de todos modos, contin\u00faan los peritajes de los bomberos y la Prefectura Naval.<\/p>\n<p style=\"text-align: justify;\"><strong>Que parezca un accidente<\/strong><\/p>\n<p style=\"text-align: justify;\">Tal como\u00a0anticip\u00f3 ayer Mauricio Macri, personal de la Ciudad que trabaj\u00f3 en el lugar advirti\u00f3 sobre el origen de las llamas, que arrasaron al menos 30 hect\u00e1reas de pastizales, se\u00f1al\u00f3 que habr\u00eda sido intencional.<\/p>\n<p style=\"text-align: justify;\"><strong>\u00abAfortunadamente el incendio afect\u00f3 solamente pastizales. M\u00e1s precisamente, parte del pajonal de totora. Es decir que no alcanz\u00f3 bosques\u00bb,<\/strong> explic\u00f3 <strong>Diego Santilli<\/strong>, ministro de Ambiente y Espacio P\u00fablico.<\/p>\n<p style=\"text-align: justify;\">En cuanto a las causas, Santilli, quien permaneci\u00f3 en la Reserva hasta que el fuego se control\u00f3 y encabez\u00f3 esta ma\u00f1ana una recorrida para verificar los da\u00f1os, indic\u00f3: \u00abEn relaci\u00f3n a por qu\u00e9 se produjo el incendio, nuestros especialistas se\u00f1alan que es muy dif\u00edcil que haya sido accidental. Vamos a investigar profundamente, porque el incendio se produjo en un momento en el que estamos en pleno proceso de recuperaci\u00f3n de la Reserva Ecol\u00f3gica\u00bb.<\/p>\n<p style=\"text-align: justify;\">\n","protected":false},"excerpt":{"rendered":"<p>Un d\u00eda despu\u00e9s del incendio que afect\u00f3 al predio de la Costanera Sur, se conoci\u00f3 que en la zona del siniestro\u00a0fue hallado\u00a0un cuerpo calcinado. Las autoridades encontraron restos \u00f3seos: un cr\u00e1neo, tibia y peron\u00e9, que fueron enviados a la morgue para la investigaci\u00f3n. A\u00fan no se pudo determinar el sexo y las autoridades\u00a0trabajan para establecer&hellip;<\/p>\n","protected":false},"author":1,"featured_media":0,"comment_status":"open","ping_status":"open","sticky":false,"template":"","format":"standard","meta":{"footnotes":""},"categories":[22],"tags":[1158,120,30,1013,16709,16710],"class_list":["post-36505","post","type-post","status-publish","format-standard","hentry","category-policiales","tag-incendio","tag-pericias","tag-policia","tag-prefectura","tag-restos-humanos","tag-rserva-ecologica"],"_links":{"self":[{"href":"https:\/\/www.elsindical.com.ar\/notas\/wp-json\/wp\/v2\/posts\/36505","targetHints":{"allow":["GET"]}}],"collection":[{"href":"https:\/\/www.elsindical.com.ar\/notas\/wp-json\/wp\/v2\/posts"}],"about":[{"href":"https:\/\/www.elsindical.com.ar\/notas\/wp-json\/wp\/v2\/types\/post"}],"author":[{"embeddable":true,"href":"https:\/\/www.elsindical.com.ar\/notas\/wp-json\/wp\/v2\/users\/1"}],"replies":[{"embeddable":true,"href":"https:\/\/www.elsindical.com.ar\/notas\/wp-json\/wp\/v2\/comments?post=36505"}],"version-history":[{"count":1,"href":"https:\/\/www.elsindical.com.ar\/notas\/wp-json\/wp\/v2\/posts\/36505\/revisions"}],"predecessor-version":[{"id":36507,"href":"https:\/\/www.elsindical.com.ar\/notas\/wp-json\/wp\/v2\/posts\/36505\/revisions\/36507"}],"wp:attachment":[{"href":"https:\/\/www.elsindical.com.ar\/notas\/wp-json\/wp\/v2\/media?parent=36505"}],"wp:term":[{"taxonomy":"category","embeddable":true,"href":"https:\/\/www.elsindical.com.ar\/notas\/wp-json\/wp\/v2\/categories?post=36505"},{"taxonomy":"post_tag","embeddable":true,"href":"https:\/\/www.elsindical.com.ar\/notas\/wp-json\/wp\/v2\/tags?post=36505"}],"curies":[{"name":"wp","href":"https:\/\/api.w.org\/{rel}","templated":true}]}}