{"id":3642,"date":"2010-02-14T23:39:48","date_gmt":"2010-02-15T02:39:48","guid":{"rendered":"http:\/\/www.elsindical.com.ar\/notas\/?p=3642"},"modified":"2010-02-14T23:39:48","modified_gmt":"2010-02-15T02:39:48","slug":"quilmes-heladeria-el-piave-y-dos-denuncias-para-tener-en-cuenta","status":"publish","type":"post","link":"https:\/\/www.elsindical.com.ar\/notas\/quilmes-heladeria-el-piave-y-dos-denuncias-para-tener-en-cuenta\/","title":{"rendered":"Quilmes: Helader\u00eda El Piave y dos denuncias para tener en cuenta"},"content":{"rendered":"<p style=\"text-align: justify;\">\u00a0\u00a0<em> <a href=\"http:\/\/www.elsindical.com.ar\/notas\/var\/www\/html\/notas\/wp-content\/uploads\/2010\/02\/Helader\u00eda-El-Piave-Quilmes.jpg\"><img loading=\"lazy\" decoding=\"async\" class=\"alignleft size-medium wp-image-3643\" title=\"Helader\u00eda-El-Piave-Quilmes\" src=\"http:\/\/www.elsindical.com.ar\/notas\/var\/www\/html\/notas\/wp-content\/uploads\/2010\/02\/Helader\u00eda-El-Piave-Quilmes-300x225.jpg\" alt=\"\" width=\"300\" height=\"225\" srcset=\"https:\/\/www.elsindical.com.ar\/notas\/var\/www\/html\/notas\/wp-content\/uploads\/2010\/02\/Helader\u00eda-El-Piave-Quilmes-300x225.jpg 300w, https:\/\/www.elsindical.com.ar\/notas\/var\/www\/html\/notas\/wp-content\/uploads\/2010\/02\/Helader\u00eda-El-Piave-Quilmes.jpg 413w\" sizes=\"auto, (max-width: 300px) 100vw, 300px\" \/><\/a>La cadena de Helader\u00edas El Piave, son reconocidas por la excelencia de sus helados y la atenci\u00f3n que siempre han puesto en sus clientes. Pero en la \u00absucursal\u00bb de Quilmes hay muchos puntos por corregir.<\/em><\/p>\n<p style=\"text-align: justify;\">En primer lugar debo destacar que personalmente me he llevado una desagradable sorpresa al degustar la semana pasada un helado de anan\u00e1 al champagne (un sabor\u00a0propio de la firma)\u00a0y dulce de leche con almendras y descubrir adem\u00e1s de la mala atenci\u00f3n de la despachante y la cajera que se pon\u00edan a charlar y uno deb\u00eda esperar sus pausas al hecho de que ambos sabores ten\u00edan trozos de hielo en su consistencia.<\/p>\n<p style=\"text-align: justify;\">Maestros heladeros, han dejado bien en claro en entrevistas sobre calidad del helado, que los helados artesanales no deben poseer hielo, ya que si esto es as\u00ed, es evidente que se ha cortado la cadena de fr\u00edo y ese helado deber\u00eda ser desechado por todos los inconvenientes que puede provocar a quien lo consume, pero en los mismos reportajes reconocieron que muchas helader\u00edas vuelven a congelar el helado y lo venden a pesar de los riesgos que saben pueden provocar.<\/p>\n<p style=\"text-align: justify;\">En el local ubicado en la peatonal del centro de Quilmes, se observa sobre la entrada al local un gran equipo de fr\u00edo, el cual a pesar de las elevadas temperaturas no estaba funcionando, y solo daba ventilaci\u00f3n de forma espur\u00eda un ventilador que apuntaba a la caja y el mostrador, este clima interior, sumado a la falta de buena limpieza de las mesas, eran un tentaci\u00f3n irresistible para las moscas que se pod\u00edan contar por varias en las mesas.<\/p>\n<p style=\"text-align: justify;\">Ya fuera del local y con una muy mala impresi\u00f3n como para recomendar no consumir productos de ese local, a la vuelta, se encontraba estacionado en una zona prohibida y entorpeciendo a los pasajeros de la l\u00ednea 85, un cami\u00f3n con c\u00e1mara de fr\u00edo de la firma El Piave, cuya patente delantera es BRQ 845, ya que la trasera no la posee. No es la primera ves que dicho cami\u00f3n estaciona en lugar prohibido a pesar de que se ven pasar por la calle a Agentes de Tr\u00e1nsito que parecen tener alg\u00fan problema ocular grave para no ver un cami\u00f3n Mercedez Benz D-601.<\/p>\n<p style=\"text-align: justify;\">En conclusi\u00f3n, el municipio de Quilmes es tal vez uno de los que m\u00e1s deficiencias tiene en materia de infracciones de tr\u00e1nsito, ya iremos agregando notas al respecto de los lugares donde reiteradamente y con total impunidad se ocupan espacios p\u00fablicos, paradas de colectivos, se bloquean bajadas de discapacitados o bien se utilizan las aceras como rampa de exibici\u00f3n de veh\u00edculos.<\/p>\n<p style=\"text-align: justify;\">Como colaboraci\u00f3n a las autoridades comunales les dejamos un link a la Ley Provincial de Tr\u00e1nsito, para colaborar en su educaci\u00f3n en benficio de todos.<\/p>\n<p style=\"text-align: justify;\"><a href=\"http:\/\/www.jfaltasescobar.gov.ar\/ley_11430.htm\">http:\/\/www.jfaltasescobar.gov.ar\/ley_11430.htm<\/a><\/p>\n<p style=\"text-align: justify;\"><a href=\"http:\/\/www.elsindical.com.ar\/notas\/var\/www\/html\/notas\/wp-content\/uploads\/2010\/02\/camion-Piave-Quilmes-01.jpg\"><img loading=\"lazy\" decoding=\"async\" class=\"alignleft size-medium wp-image-3644\" title=\"camion-Piave-Quilmes-01\" src=\"http:\/\/www.elsindical.com.ar\/notas\/var\/www\/html\/notas\/wp-content\/uploads\/2010\/02\/camion-Piave-Quilmes-01-300x225.jpg\" alt=\"\" width=\"300\" height=\"225\" srcset=\"https:\/\/www.elsindical.com.ar\/notas\/var\/www\/html\/notas\/wp-content\/uploads\/2010\/02\/camion-Piave-Quilmes-01-300x225.jpg 300w, https:\/\/www.elsindical.com.ar\/notas\/var\/www\/html\/notas\/wp-content\/uploads\/2010\/02\/camion-Piave-Quilmes-01.jpg 413w\" sizes=\"auto, (max-width: 300px) 100vw, 300px\" \/><\/a><\/p>\n<p style=\"text-align: justify;\">\u00a0<\/p>\n<p style=\"text-align: justify;\">\u00a0<\/p>\n<p style=\"text-align: justify;\">\u00a0<\/p>\n<p style=\"text-align: justify;\">\u00a0<\/p>\n<p style=\"text-align: justify;\">\u00a0<\/p>\n<p style=\"text-align: justify;\">\u00a0<\/p>\n<p style=\"text-align: justify;\"><a href=\"http:\/\/www.elsindical.com.ar\/notas\/var\/www\/html\/notas\/wp-content\/uploads\/2010\/02\/Camion-Piave-Quilmes-02.jpg\"><img loading=\"lazy\" decoding=\"async\" class=\"alignleft size-medium wp-image-3645\" title=\"Camion-Piave-Quilmes-02\" src=\"http:\/\/www.elsindical.com.ar\/notas\/var\/www\/html\/notas\/wp-content\/uploads\/2010\/02\/Camion-Piave-Quilmes-02-300x225.jpg\" alt=\"\" width=\"300\" height=\"225\" srcset=\"https:\/\/www.elsindical.com.ar\/notas\/var\/www\/html\/notas\/wp-content\/uploads\/2010\/02\/Camion-Piave-Quilmes-02-300x225.jpg 300w, https:\/\/www.elsindical.com.ar\/notas\/var\/www\/html\/notas\/wp-content\/uploads\/2010\/02\/Camion-Piave-Quilmes-02.jpg 413w\" sizes=\"auto, (max-width: 300px) 100vw, 300px\" \/><\/a><\/p>\n<p style=\"text-align: justify;\">\u00a0<\/p>\n<p style=\"text-align: justify;\">\u00a0<\/p>\n<p style=\"text-align: justify;\">\u00a0<\/p>\n<p style=\"text-align: justify;\">\u00a0<\/p>\n<p style=\"text-align: justify;\">\u00a0<\/p>\n<p style=\"text-align: justify;\">\u00a0<\/p>\n<p style=\"text-align: justify;\">\u00a0<\/p>\n<p style=\"text-align: justify;\"><strong><em>Por Marcelo Ricardo Hawrylciw<\/em><\/strong><\/p>\n","protected":false},"excerpt":{"rendered":"<p>\u00a0\u00a0 La cadena de Helader\u00edas El Piave, son reconocidas por la excelencia de sus helados y la atenci\u00f3n que siempre han puesto en sus clientes. Pero en la \u00absucursal\u00bb de Quilmes hay muchos puntos por corregir. En primer lugar debo destacar que personalmente me he llevado una desagradable sorpresa al degustar la semana pasada un&hellip;<\/p>\n","protected":false},"author":3,"featured_media":0,"comment_status":"open","ping_status":"open","sticky":false,"template":"","format":"standard","meta":{"footnotes":""},"categories":[6],"tags":[1126,634,1899,1900,1857,1898,146,684],"class_list":["post-3642","post","type-post","status-publish","format-standard","hentry","category-denuncias","tag-autos","tag-camiones","tag-el-piave","tag-heladeria","tag-helados","tag-ley-de-transito","tag-motos","tag-quilmes"],"_links":{"self":[{"href":"https:\/\/www.elsindical.com.ar\/notas\/wp-json\/wp\/v2\/posts\/3642","targetHints":{"allow":["GET"]}}],"collection":[{"href":"https:\/\/www.elsindical.com.ar\/notas\/wp-json\/wp\/v2\/posts"}],"about":[{"href":"https:\/\/www.elsindical.com.ar\/notas\/wp-json\/wp\/v2\/types\/post"}],"author":[{"embeddable":true,"href":"https:\/\/www.elsindical.com.ar\/notas\/wp-json\/wp\/v2\/users\/3"}],"replies":[{"embeddable":true,"href":"https:\/\/www.elsindical.com.ar\/notas\/wp-json\/wp\/v2\/comments?post=3642"}],"version-history":[{"count":1,"href":"https:\/\/www.elsindical.com.ar\/notas\/wp-json\/wp\/v2\/posts\/3642\/revisions"}],"predecessor-version":[{"id":3646,"href":"https:\/\/www.elsindical.com.ar\/notas\/wp-json\/wp\/v2\/posts\/3642\/revisions\/3646"}],"wp:attachment":[{"href":"https:\/\/www.elsindical.com.ar\/notas\/wp-json\/wp\/v2\/media?parent=3642"}],"wp:term":[{"taxonomy":"category","embeddable":true,"href":"https:\/\/www.elsindical.com.ar\/notas\/wp-json\/wp\/v2\/categories?post=3642"},{"taxonomy":"post_tag","embeddable":true,"href":"https:\/\/www.elsindical.com.ar\/notas\/wp-json\/wp\/v2\/tags?post=3642"}],"curies":[{"name":"wp","href":"https:\/\/api.w.org\/{rel}","templated":true}]}}