{"id":36391,"date":"2013-07-27T10:48:19","date_gmt":"2013-07-27T13:48:19","guid":{"rendered":"http:\/\/www.elsindical.com.ar\/notas\/?p=36391"},"modified":"2013-07-27T10:48:19","modified_gmt":"2013-07-27T13:48:19","slug":"no-se-deberian-usar-fondos-publicos-para-financiar-campanas-electorales","status":"publish","type":"post","link":"https:\/\/www.elsindical.com.ar\/notas\/no-se-deberian-usar-fondos-publicos-para-financiar-campanas-electorales\/","title":{"rendered":"No se deber\u00edan usar fondos p\u00fablicos para financiar campa\u00f1as electorales"},"content":{"rendered":"<p style=\"text-align: justify;\"><a href=\"http:\/\/www.elsindical.com.ar\/notas\/var\/www\/html\/notas\/wp-content\/uploads\/2013\/07\/uso-camioneta-municipal-para-pol\u00edtica.jpg\"><img loading=\"lazy\" decoding=\"async\" class=\"alignleft size-medium wp-image-36392\" alt=\"uso-camioneta-municipal-para-pol\u00edtica\" src=\"http:\/\/www.elsindical.com.ar\/notas\/var\/www\/html\/notas\/wp-content\/uploads\/2013\/07\/uso-camioneta-municipal-para-pol\u00edtica-300x226.jpg\" width=\"300\" height=\"226\" srcset=\"https:\/\/www.elsindical.com.ar\/notas\/var\/www\/html\/notas\/wp-content\/uploads\/2013\/07\/uso-camioneta-municipal-para-pol\u00edtica-300x226.jpg 300w, https:\/\/www.elsindical.com.ar\/notas\/var\/www\/html\/notas\/wp-content\/uploads\/2013\/07\/uso-camioneta-municipal-para-pol\u00edtica-396x300.jpg 396w, https:\/\/www.elsindical.com.ar\/notas\/var\/www\/html\/notas\/wp-content\/uploads\/2013\/07\/uso-camioneta-municipal-para-pol\u00edtica.jpg 620w\" sizes=\"auto, (max-width: 300px) 100vw, 300px\" \/><\/a>Una vez m\u00e1s vemos, que iniciada la campa\u00f1a electoral y con total desparpajo, como la comunicaci\u00f3n municipal se mimetiza hasta confundirse completamente con la propaganda oficial. Es obvio que aqu\u00ed pasa algo raro. Est\u00e1n usando fondos municipales para hacer campa\u00f1a y promocionar a sus propios candidatos y tambi\u00e9n al rev\u00e9s entra dinero del gobierno nacional para que se haga campa\u00f1a por sus candidatos en concordancia con los candidatos locales de nuestro municipio.<\/p>\n<p style=\"text-align: justify;\">El \u00a0Intendente Jorge Ferraresi contin\u00faa confundiendo al Estado con su partido pol\u00edtico. As\u00ed, una vez m\u00e1s, desde el comienzo de la campa\u00f1a electoral el Frente para la Victoria utiliza los medios institucionales del Municipio para promocionar sus candidatos, otro ejemplo m\u00e1s de lo que no queremos para nuestra \u00a0Avellaneda.<\/p>\n<p style=\"text-align: justify;\">Y hablando de ejemplos, no hay mejor ejemplo de pa\u00eds dividido que Tigre. Massa vive en un country con todos los lujos y la mejor seguridad privada de la argentina mientras que la enorme mayor\u00eda de los vecinos de Tigre viven en la miseria a merced de la inseguridad As\u00ed como nosotros queremos terminar con esta absurda diferencia forzada, por las pol\u00edticas y el estilo que impulsa la presidenta, \u00a0entre los argentinos que viven en ARGEN y los que viven en TINA, Massa no hace nada para unir a Ti-Gre.<\/p>\n<p style=\"text-align: justify;\">El Frente Progresista C\u00edvico y Social viene a unir estas dos argentinas, nosotros somos una alternativa honesta y transparente\u00a0Avellaneda merece servicios universales de calidad para todos, seguridad m\u00e1s efectiva para todos y corrupci\u00f3n cero.<\/p>\n<p style=\"text-align: justify;\">\n<p style=\"text-align: center;\" align=\"center\"><b>EN AVELLANEDA ESTAMOS\u00a0<\/b><b><br \/>\nTRABAJANDO PARA UNIR A LOS ARGENTINOS<br \/>\nSTOLBIZER \u2013 ALFONSIN Diputados<br \/>\nCONDE \u2013 GALETOVICH Concejales<\/p>\n<p>VOTA LISTA 509 A<br \/>\nUNIDAD PROGRESISTA\u00a0<\/b><br \/>\n<b>FRENTE PROGRESISTA CIVICO Y SOCIAL<\/b><\/p>\n","protected":false},"excerpt":{"rendered":"<p>Una vez m\u00e1s vemos, que iniciada la campa\u00f1a electoral y con total desparpajo, como la comunicaci\u00f3n municipal se mimetiza hasta confundirse completamente con la propaganda oficial. Es obvio que aqu\u00ed pasa algo raro. Est\u00e1n usando fondos municipales para hacer campa\u00f1a y promocionar a sus propios candidatos y tambi\u00e9n al rev\u00e9s entra dinero del gobierno nacional&hellip;<\/p>\n","protected":false},"author":1,"featured_media":0,"comment_status":"open","ping_status":"open","sticky":false,"template":"","format":"standard","meta":{"footnotes":""},"categories":[13],"tags":[849,16668,6275,611,646],"class_list":["post-36391","post","type-post","status-publish","format-standard","hentry","category-politica","tag-estado","tag-frente-progresista-civico-y-social","tag-intendente-jorge-ferraresi","tag-massa","tag-tigre"],"_links":{"self":[{"href":"https:\/\/www.elsindical.com.ar\/notas\/wp-json\/wp\/v2\/posts\/36391","targetHints":{"allow":["GET"]}}],"collection":[{"href":"https:\/\/www.elsindical.com.ar\/notas\/wp-json\/wp\/v2\/posts"}],"about":[{"href":"https:\/\/www.elsindical.com.ar\/notas\/wp-json\/wp\/v2\/types\/post"}],"author":[{"embeddable":true,"href":"https:\/\/www.elsindical.com.ar\/notas\/wp-json\/wp\/v2\/users\/1"}],"replies":[{"embeddable":true,"href":"https:\/\/www.elsindical.com.ar\/notas\/wp-json\/wp\/v2\/comments?post=36391"}],"version-history":[{"count":1,"href":"https:\/\/www.elsindical.com.ar\/notas\/wp-json\/wp\/v2\/posts\/36391\/revisions"}],"predecessor-version":[{"id":36393,"href":"https:\/\/www.elsindical.com.ar\/notas\/wp-json\/wp\/v2\/posts\/36391\/revisions\/36393"}],"wp:attachment":[{"href":"https:\/\/www.elsindical.com.ar\/notas\/wp-json\/wp\/v2\/media?parent=36391"}],"wp:term":[{"taxonomy":"category","embeddable":true,"href":"https:\/\/www.elsindical.com.ar\/notas\/wp-json\/wp\/v2\/categories?post=36391"},{"taxonomy":"post_tag","embeddable":true,"href":"https:\/\/www.elsindical.com.ar\/notas\/wp-json\/wp\/v2\/tags?post=36391"}],"curies":[{"name":"wp","href":"https:\/\/api.w.org\/{rel}","templated":true}]}}