{"id":36339,"date":"2013-07-25T01:23:41","date_gmt":"2013-07-25T04:23:41","guid":{"rendered":"http:\/\/www.elsindical.com.ar\/notas\/?p=36339"},"modified":"2013-07-25T01:23:41","modified_gmt":"2013-07-25T04:23:41","slug":"efemeridesdel-dia-25-de-julio-3","status":"publish","type":"post","link":"https:\/\/www.elsindical.com.ar\/notas\/efemeridesdel-dia-25-de-julio-3\/","title":{"rendered":"EFEM\u00c9RIDES:DEL D\u00cdA 25 DE JULIO"},"content":{"rendered":"<p style=\"text-align: justify;\"><a href=\"http:\/\/www.elsindical.com.ar\/notas\/var\/www\/html\/notas\/wp-content\/uploads\/2013\/07\/Osvaldo-Pugliese.jpg\"><img loading=\"lazy\" decoding=\"async\" class=\"alignleft size-medium wp-image-36340\" alt=\"Osvaldo-Pugliese\" src=\"http:\/\/www.elsindical.com.ar\/notas\/var\/www\/html\/notas\/wp-content\/uploads\/2013\/07\/Osvaldo-Pugliese-300x184.jpg\" width=\"300\" height=\"184\" srcset=\"https:\/\/www.elsindical.com.ar\/notas\/var\/www\/html\/notas\/wp-content\/uploads\/2013\/07\/Osvaldo-Pugliese-300x184.jpg 300w, https:\/\/www.elsindical.com.ar\/notas\/var\/www\/html\/notas\/wp-content\/uploads\/2013\/07\/Osvaldo-Pugliese.jpg 443w\" sizes=\"auto, (max-width: 300px) 100vw, 300px\" \/><\/a>En un 25 de julio, pero de 2000, mueren 113 personas al estrellarse un Concorde de Air France contra un peque\u00f1o hotel, poco despu\u00e9s de despegar del aeropuerto parisino Roisssy-Charles De Gaulle.<\/p>\n<p style=\"text-align: justify;\">1515- Diego Vel\u00e1zquez de Cu\u00e9llar, primer teniente gobernador de Cuba, funda probablemente en esta fecha la ciudad de San Crist\u00f3bal de la Habana, en la costa sur de la isla.<\/p>\n<p style=\"text-align: justify;\">1524- El conquistador Pedro de Alvarado funda la ciudad de Santiago de los Caballeros (Guatemala).<\/p>\n<p style=\"text-align: justify;\">1554- La reina inglesa Mar\u00eda Tudor se casa en la Catedral de Winchester con el futuro rey de Espa\u00f1a Felipe II.<\/p>\n<p style=\"text-align: justify;\">1567- Diego de Losada funda la ciudad de Santiago de Le\u00f3n de Caracas, actual capital de Venezuela.<\/p>\n<p style=\"text-align: justify;\">1593- Enrique IV de Francia abjura del protestantismo y se convierte al catolicismo para lograr el trono, convencido con la frase \u00abPar\u00eds bien vale una misa\u00bb.<\/p>\n<p style=\"text-align: justify;\">1794- Muere en la guillotina el poeta franc\u00e9s Andre Chenier.<\/p>\n<p style=\"text-align: justify;\">1797- Fuerzas tinerfe\u00f1as rechazan victoriosamente el ataque de una potente flota inglesa mandada por Nelson, que qued\u00f3 manco en la acci\u00f3n y que pretend\u00eda apoderarse de Santa Cruz de Tenerife.<\/p>\n<p style=\"text-align: justify;\">1819- Batalla del Pantano de Vargas, en los alrededores de Paipa (Colombia), precursora de la independencia de Nueva Granada.<\/p>\n<p style=\"text-align: justify;\">1823- Comienza a circular en Buenos Aires la primera moneda de cobre que tuvo esta provincia.<\/p>\n<p style=\"text-align: justify;\">1842- Muere Ignacio Rodr\u00edguez Galv\u00e1n, poeta mexicano.<\/p>\n<p style=\"text-align: justify;\">1848- Nace Arthur Balfour, pol\u00edtico brit\u00e1nico.<\/p>\n<p style=\"text-align: justify;\">1898- Guerra de EEUU contra Espa\u00f1a: Tropas estadounidenses desembarcan en Gu\u00e1nica (Puerto Rico) y se apoderan de toda la isla.<\/p>\n<p style=\"text-align: justify;\">1900- Estreno de la nueva versi\u00f3n del himno nacional de Per\u00fa, debida al maestro Claudio Rebagliati.<\/p>\n<p style=\"text-align: justify;\">1905- Nace El\u00edas Canetti, escritor b\u00falgaro nacionalizado brit\u00e1nico, Premio Nobel 1981.<\/p>\n<p style=\"text-align: justify;\">1909- El piloto Louis Bleriot cruza por primera vez el Canal de la Mancha en aeroplano, en 37 minutos.<\/p>\n<p style=\"text-align: justify;\">1934- El canciller austr\u00edaco Engelbert Dollfus es asesinado en Viena durante un fallido golpe de Estado nacionalsocialista.<\/p>\n<p style=\"text-align: justify;\">1936- Nace Carlos Alberto da Mota Pinto, pol\u00edtico portugu\u00e9s.<\/p>\n<p style=\"text-align: justify;\">1943- Mussolini es derrocado y encarcelado junto a sus colaboradores, tras el desembarco aliado en Sicilia.<\/p>\n<p style=\"text-align: justify;\">1946- N\u00e9stor Guill\u00e9n es nombrado presidente del nuevo Gobierno de Bolivia.<\/p>\n<p style=\"text-align: justify;\">1947- Nace Adolfo Rodr\u00edguez S\u00e1a, pol\u00edtico argentino.<\/p>\n<p style=\"text-align: justify;\">1951- Entra en vigor una nueva Constituci\u00f3n en Puerto Rico, que adquiere la condici\u00f3n de Estado libre asociado de EEUU.<\/p>\n<p style=\"text-align: justify;\">1953- Nace Robert B. Zoellick, presidente del Banco Mundial.<\/p>\n<p style=\"text-align: justify;\">1956- Hundimiento del trasatl\u00e1ntico italiano \u00abAndrea Doria\u00bb, tras chocar con el barco sueco \u00abStockholm\u00bb: mueren 50 pasajeros.<\/p>\n<p style=\"text-align: justify;\">1957- Proclamaci\u00f3n de la Rep\u00fablica en T\u00fanez, tras 250 a\u00f1os de monarqu\u00eda.<\/p>\n<p style=\"text-align: justify;\">1962- Los representantes de los 14 pa\u00edses que celebran en Ginebra la Conferencia de Desarme acuerdan la neutralidad de Laos.<\/p>\n<p style=\"text-align: justify;\">1970- Nace Ernesto Alterio, actor hispano-argentino.<\/p>\n<p style=\"text-align: justify;\">1978- El primer beb\u00e9 probeta del mundo, la ni\u00f1a Louise Brown, nace mediante un tratamiento de fecundaci\u00f3n in vitro en un hospital brit\u00e1nico.<\/p>\n<p style=\"text-align: justify;\">1979- Israel devuelve a Egipto 6.000 kil\u00f3metros cuadrados de la pen\u00ednsula del Sina\u00ed.<\/p>\n<p style=\"text-align: justify;\">&#8211; El Gobierno de Nicaragua comienza a nacionalizar la banca y las empresas financieras.<\/p>\n<p style=\"text-align: justify;\">1984- La cosmonauta sovi\u00e9tica Svetlana Savitskaya se convierte en la primera mujer que \u00abcamina por el espacio\u00bb.<\/p>\n<p style=\"text-align: justify;\">1986- Fallece Vincente Minnelli, cineasta estadounidense.<\/p>\n<p style=\"text-align: justify;\">1991- El Gobierno de Guatemala y la guerrilla suscriben en Quer\u00e9taro (M\u00e9xico) un acuerdo para lograr la democratizaci\u00f3n del pa\u00eds.<\/p>\n<p style=\"text-align: justify;\">1992- Inauguraci\u00f3n en Madrid de la Casa de Am\u00e9rica por el Rey Juan Carlos y en presencia de 19 jefes de Estado y Gobierno asistentes a la II Cumbre Iberoamericana.<\/p>\n<p style=\"text-align: justify;\">1994- El rey Husein de Jordania y el primer ministro israel\u00ed Isaac Rabin firman en Washington una hist\u00f3rica reconciliaci\u00f3n, que pone fin a 46 a\u00f1os de lucha entre ambos pa\u00edses.<\/p>\n<p style=\"text-align: justify;\">1995- Muere Osvaldo Pugliese, pianista argentino.<\/p>\n<p style=\"text-align: justify;\">1996- Un golpe de Estado en Burundi derroca al presidente, Sylvestre Ntimbantuganya, y restaura en el poder al ex presidente Pierre Buyoya.<\/p>\n<p style=\"text-align: justify;\">1999- Gran victoria del Polo Patri\u00f3tico, coalici\u00f3n de partidos que apoya al presidente de Venezuela, Hugo Ch\u00e1vez, en las elecciones a la Asamblea Nacional Constituyente. Obtuvo 120 de los 128 esca\u00f1os.<\/p>\n<p style=\"text-align: justify;\">2000- Concluye en Ginebra el encuentro entre el Gobierno de Colombia y el Ej\u00e9rcito de Liberaci\u00f3n Nacional (ELN), sin incluir, la declaraci\u00f3n final, el establecimiento de un alto el fuego.<\/p>\n<p style=\"text-align: justify;\">2001- Representantes del ELN y del gobierno colombiano se re\u00fanen en Puerto Ordaz (Venezuela) para reactivar el di\u00e1logo de paz, suspendido el 19 de abril.<\/p>\n<p style=\"text-align: justify;\">2003- El presidente de Argentina, N\u00e9stor Kirchner, deroga un decreto de 2001 que imped\u00eda extraditar a los argentinos reclamados por jueces de otros pa\u00edses por delitos contra los derechos humanos.<\/p>\n<p style=\"text-align: justify;\">&#8211; Fallece John Schlesinger, director de cine brit\u00e1nico.<\/p>\n<p style=\"text-align: justify;\">2004- La derecha nacionalista israel\u00ed re\u00fane a 130.000 personas en una cadena humana de 90 kil\u00f3metros, entre Gaza y Jerusal\u00e9n, contra el \u00abPlan de desconexi\u00f3n\u00bb de los palestinos de Ariel Shar\u00f3n.<\/p>\n<p style=\"text-align: justify;\">&#8211; Cuba y M\u00e9xico normalizan sus relaciones diplom\u00e1ticas con el retorno de sus embajadores, tras superar la crisis surgida en mayo.<\/p>\n<p style=\"text-align: justify;\">2006- Muere Gustavo Alatriste, director y productor cinematogr\u00e1fico mexicano.<\/p>\n<p style=\"text-align: justify;\">2010- Varios medios publican informes militares estadounidenses secretos sobre la guerra en Afganist\u00e1n, filtrada por WikiLeaks, que sube a su p\u00e1gina 91.000 documentos en los que se revelan operaciones encubiertas o muertes de civiles no divulgadas.<\/p>\n","protected":false},"excerpt":{"rendered":"<p>En un 25 de julio, pero de 2000, mueren 113 personas al estrellarse un Concorde de Air France contra un peque\u00f1o hotel, poco despu\u00e9s de despegar del aeropuerto parisino Roisssy-Charles De Gaulle. 1515- Diego Vel\u00e1zquez de Cu\u00e9llar, primer teniente gobernador de Cuba, funda probablemente en esta fecha la ciudad de San Crist\u00f3bal de la Habana,&hellip;<\/p>\n","protected":false},"author":1,"featured_media":0,"comment_status":"open","ping_status":"open","sticky":false,"template":"","format":"standard","meta":{"footnotes":""},"categories":[14],"tags":[],"class_list":["post-36339","post","type-post","status-publish","format-standard","hentry","category-efemerides"],"_links":{"self":[{"href":"https:\/\/www.elsindical.com.ar\/notas\/wp-json\/wp\/v2\/posts\/36339","targetHints":{"allow":["GET"]}}],"collection":[{"href":"https:\/\/www.elsindical.com.ar\/notas\/wp-json\/wp\/v2\/posts"}],"about":[{"href":"https:\/\/www.elsindical.com.ar\/notas\/wp-json\/wp\/v2\/types\/post"}],"author":[{"embeddable":true,"href":"https:\/\/www.elsindical.com.ar\/notas\/wp-json\/wp\/v2\/users\/1"}],"replies":[{"embeddable":true,"href":"https:\/\/www.elsindical.com.ar\/notas\/wp-json\/wp\/v2\/comments?post=36339"}],"version-history":[{"count":1,"href":"https:\/\/www.elsindical.com.ar\/notas\/wp-json\/wp\/v2\/posts\/36339\/revisions"}],"predecessor-version":[{"id":36341,"href":"https:\/\/www.elsindical.com.ar\/notas\/wp-json\/wp\/v2\/posts\/36339\/revisions\/36341"}],"wp:attachment":[{"href":"https:\/\/www.elsindical.com.ar\/notas\/wp-json\/wp\/v2\/media?parent=36339"}],"wp:term":[{"taxonomy":"category","embeddable":true,"href":"https:\/\/www.elsindical.com.ar\/notas\/wp-json\/wp\/v2\/categories?post=36339"},{"taxonomy":"post_tag","embeddable":true,"href":"https:\/\/www.elsindical.com.ar\/notas\/wp-json\/wp\/v2\/tags?post=36339"}],"curies":[{"name":"wp","href":"https:\/\/api.w.org\/{rel}","templated":true}]}}