{"id":36336,"date":"2013-07-24T22:51:18","date_gmt":"2013-07-25T01:51:18","guid":{"rendered":"http:\/\/www.elsindical.com.ar\/notas\/?p=36336"},"modified":"2013-07-24T22:51:18","modified_gmt":"2013-07-25T01:51:18","slug":"detuvieron-al-marido-de-susana-leiva","status":"publish","type":"post","link":"https:\/\/www.elsindical.com.ar\/notas\/detuvieron-al-marido-de-susana-leiva\/","title":{"rendered":"Detuvieron al marido de Susana Leiva"},"content":{"rendered":"<p style=\"text-align: justify;\"><em><a href=\"http:\/\/www.elsindical.com.ar\/notas\/var\/www\/html\/notas\/wp-content\/uploads\/2013\/07\/Alberto-Ponce.jpg\"><img loading=\"lazy\" decoding=\"async\" class=\"alignleft size-medium wp-image-36337\" alt=\"Alberto-Ponce\" src=\"http:\/\/www.elsindical.com.ar\/notas\/var\/www\/html\/notas\/wp-content\/uploads\/2013\/07\/Alberto-Ponce-300x224.jpg\" width=\"300\" height=\"224\" srcset=\"https:\/\/www.elsindical.com.ar\/notas\/var\/www\/html\/notas\/wp-content\/uploads\/2013\/07\/Alberto-Ponce-300x224.jpg 300w, https:\/\/www.elsindical.com.ar\/notas\/var\/www\/html\/notas\/wp-content\/uploads\/2013\/07\/Alberto-Ponce-400x300.jpg 400w, https:\/\/www.elsindical.com.ar\/notas\/var\/www\/html\/notas\/wp-content\/uploads\/2013\/07\/Alberto-Ponce.jpg 502w\" sizes=\"auto, (max-width: 300px) 100vw, 300px\" \/><\/a>La Polic\u00eda detuvo a la pareja de la mujer asesinada en Temperley, principal sospechoso por el crimen. Fue capturado en la intersecci\u00f3n de las calles Salta y Garay en el barrio porte\u00f1o de Constituci\u00f3n. Est\u00e1 detenido en la comisar\u00eda 16 de la Polic\u00eda Federal, y en las pr\u00f3ximas horas ser\u00e1 trasladado a Lomas de Zamora para ser indagado.<\/em><\/p>\n<p style=\"text-align: justify;\">La Polic\u00eda detuvo al marido de Susa Leiva, la mujer hallada muerta hoy en Temperley, Alberto Ponce, en el barrio porte\u00f1o de Constituci\u00f3n.<\/p>\n<p>Ponce fue detenido por efectivos policiales en la intersecci\u00f3n de las calles Salta y Garay hace instantes.<\/p>\n<p>Est\u00e1 detenido en la comisar\u00eda 16 de la Polic\u00eda Federal, y en las pr\u00f3ximas horas ser\u00e1 trasladado a Lomas de Zamora para ser indagado.<\/p>\n<p>El hombre se encontraba pr\u00f3fugo de la Justicia, y seg\u00fan se conoci\u00f3 se retir\u00f3 por la ma\u00f1ana de su hogar.<\/p>\n<p>Seg\u00fan pericias recientes, el cuerpo de la mujer tiene huellas de \u00abahorcamiento\u00bb.<\/p>\n<p>Susana Beatriz Leiva, la mujer de 38 a\u00f1os que estaba desaparecida desde el pasado viernes en Temperley, y fue hallada esta ma\u00f1ana muerta en el pozo ciego de su casa, tras un allanamiento ordenado por el Fiscal de Lomas de Zamora H\u00e9ctor Toneguzzo en su casa de Blanco Encalada 250.<\/p>\n","protected":false},"excerpt":{"rendered":"<p>La Polic\u00eda detuvo a la pareja de la mujer asesinada en Temperley, principal sospechoso por el crimen. Fue capturado en la intersecci\u00f3n de las calles Salta y Garay en el barrio porte\u00f1o de Constituci\u00f3n. Est\u00e1 detenido en la comisar\u00eda 16 de la Polic\u00eda Federal, y en las pr\u00f3ximas horas ser\u00e1 trasladado a Lomas de Zamora&hellip;<\/p>\n","protected":false},"author":1,"featured_media":0,"comment_status":"open","ping_status":"open","sticky":false,"template":"","format":"standard","meta":{"footnotes":""},"categories":[22],"tags":[16661,324,744,958,1430],"class_list":["post-36336","post","type-post","status-publish","format-standard","hentry","category-policiales","tag-alberto-ponce","tag-constitucion","tag-lomas-de-zamora","tag-policia-federal","tag-temperley"],"_links":{"self":[{"href":"https:\/\/www.elsindical.com.ar\/notas\/wp-json\/wp\/v2\/posts\/36336","targetHints":{"allow":["GET"]}}],"collection":[{"href":"https:\/\/www.elsindical.com.ar\/notas\/wp-json\/wp\/v2\/posts"}],"about":[{"href":"https:\/\/www.elsindical.com.ar\/notas\/wp-json\/wp\/v2\/types\/post"}],"author":[{"embeddable":true,"href":"https:\/\/www.elsindical.com.ar\/notas\/wp-json\/wp\/v2\/users\/1"}],"replies":[{"embeddable":true,"href":"https:\/\/www.elsindical.com.ar\/notas\/wp-json\/wp\/v2\/comments?post=36336"}],"version-history":[{"count":1,"href":"https:\/\/www.elsindical.com.ar\/notas\/wp-json\/wp\/v2\/posts\/36336\/revisions"}],"predecessor-version":[{"id":36338,"href":"https:\/\/www.elsindical.com.ar\/notas\/wp-json\/wp\/v2\/posts\/36336\/revisions\/36338"}],"wp:attachment":[{"href":"https:\/\/www.elsindical.com.ar\/notas\/wp-json\/wp\/v2\/media?parent=36336"}],"wp:term":[{"taxonomy":"category","embeddable":true,"href":"https:\/\/www.elsindical.com.ar\/notas\/wp-json\/wp\/v2\/categories?post=36336"},{"taxonomy":"post_tag","embeddable":true,"href":"https:\/\/www.elsindical.com.ar\/notas\/wp-json\/wp\/v2\/tags?post=36336"}],"curies":[{"name":"wp","href":"https:\/\/api.w.org\/{rel}","templated":true}]}}