{"id":36301,"date":"2013-07-23T20:29:09","date_gmt":"2013-07-23T23:29:09","guid":{"rendered":"http:\/\/www.elsindical.com.ar\/notas\/?p=36301"},"modified":"2017-05-26T09:49:06","modified_gmt":"2017-05-26T12:49:06","slug":"almirante-brownredes-de-trata-movilizacion-por-milagros-gonzalez","status":"publish","type":"post","link":"https:\/\/www.elsindical.com.ar\/notas\/almirante-brownredes-de-trata-movilizacion-por-milagros-gonzalez\/","title":{"rendered":"Almirante Brown:Redes de trata movilizaci\u00f3n por Milagros Gonz\u00e1lez"},"content":{"rendered":"<p style=\"text-align: justify;\"><em><a href=\"http:\/\/www.elsindical.com.ar\/notas\/var\/www\/html\/notas\/wp-content\/uploads\/2013\/07\/Gustavo-Mendieta-abogado.jpg\"><img loading=\"lazy\" decoding=\"async\" class=\"alignleft size-medium wp-image-36303\" alt=\"Gustavo-Mendieta-abogado\" src=\"http:\/\/www.elsindical.com.ar\/notas\/var\/www\/html\/notas\/wp-content\/uploads\/2013\/07\/Gustavo-Mendieta-abogado-300x292.jpg\" width=\"300\" height=\"292\" srcset=\"https:\/\/www.elsindical.com.ar\/notas\/var\/www\/html\/notas\/wp-content\/uploads\/2013\/07\/Gustavo-Mendieta-abogado-300x292.jpg 300w, https:\/\/www.elsindical.com.ar\/notas\/var\/www\/html\/notas\/wp-content\/uploads\/2013\/07\/Gustavo-Mendieta-abogado-307x300.jpg 307w, https:\/\/www.elsindical.com.ar\/notas\/var\/www\/html\/notas\/wp-content\/uploads\/2013\/07\/Gustavo-Mendieta-abogado.jpg 325w\" sizes=\"auto, (max-width: 300px) 100vw, 300px\" \/><\/a>Milagros Gonz\u00e1lez desapareci\u00f3 el 16 de marzo de la plaza de Burzaco, partido de Almirante Brown. \u00a0A partir de ese instante, comenz\u00f3 la b\u00fasqueda desesperada de su madre Silvia y de toda su familia, enfrentando la desidia y el maltrato de los funcionarios policiales de la comisar\u00eda segunda de Burzaco.<\/em><\/p>\n<div style=\"text-align: justify;\">Diez d\u00edas despu\u00e9s de su desaparici\u00f3n, el 26 de marzo, Milagros logr\u00f3 escaparse de un prost\u00edbulo en\u00a0el cual, \u00a0la esclavizaban sexualmente. Entonces comenz\u00f3 su segunda victimizaci\u00f3n: el Estado, responsable de que Milagros no sufra esto, la encerr\u00f3 en un psiqui\u00e1trico, orden judicial mediante.<\/div>\n<div style=\"text-align: justify;\"><\/div>\n<div style=\"text-align: justify;\">Para encubrir su propia responsabilidad, los funcionarios acusan a la familia de la v\u00edctima de incompetencia.<\/div>\n<div style=\"text-align: justify;\"><\/div>\n<div style=\"text-align: justify;\">A pesar del compromiso del intendente Dar\u00edo Giustozzi de comprometerse con el caso, Milagros sigue privada de su libertad y alejada de su familia. La mafia de proxenetas y narcotraficantes, en cambio, goza de la m\u00e1s completa impunidad y contin\u00faa actuando, a apenas unas\u00a0cuadras de la casa de Milagros. Denunciamos que se tiene aislada a la v\u00edctima para paralizar la causa.<\/div>\n<div style=\"text-align: justify;\"><\/div>\n<div style=\"text-align: justify;\">Desde la comisi\u00f3n por Milagros que conformamos organizaciones independientes del Estado, convocamos a todos este mi\u00e9rcoles 24 de julio, a las 09:00hs, en la estaci\u00f3n Adrogu\u00e9 para movilizarnos al municipio de Almirante Brown. Exigimos:<\/div>\n<div style=\"text-align: justify;\">\u00b7 Liberaci\u00f3n inmediata de Milagros y restituci\u00f3n a su hogar. Que el Estado se haga responsable de garantizarles a la v\u00edctima y a su familia la asistencia necesaria.<\/div>\n<div style=\"text-align: justify;\">\u00b7 Castigo a todos los responsables materiales, intelectuales y encubridores del secuestro, la explotaci\u00f3n sexual, y las torturas sufridas por Milagros.<\/div>\n<div style=\"text-align: justify;\">\u00b7 Aparici\u00f3n con vida de Ail\u00e9n L\u00f3pez, desaparecida hace m\u00e1s de cinco meses de la zona de Almirante Brown.<\/div>\n<div style=\"text-align: justify;\">\u00b7 Desmantelamiento de todas las redes de trata, c\u00e1rcel a los proxenetas, e incautaci\u00f3n de sus bienes.<\/div>\n<div style=\"text-align: justify;\"><\/div>\n<div style=\"text-align: justify;\">Sin la complicidad del Estado, no hay impunidad ni esclavitud sexual.<\/div>\n<div style=\"text-align: justify;\"><\/div>\n<div style=\"text-align: justify;\">Contacto:<\/div>\n<div style=\"text-align: justify;\">Gustavo Mendieta (Apel, abogado patrocinante): (011) 1551494976<\/div>\n","protected":false},"excerpt":{"rendered":"<p>Milagros Gonz\u00e1lez desapareci\u00f3 el 16 de marzo de la plaza de Burzaco, partido de Almirante Brown. \u00a0A partir de ese instante, comenz\u00f3 la b\u00fasqueda desesperada de su madre Silvia y de toda su familia, enfrentando la desidia y el maltrato de los funcionarios policiales de la comisar\u00eda segunda de Burzaco. Diez d\u00edas despu\u00e9s de su&hellip;<\/p>\n","protected":false},"author":1,"featured_media":0,"comment_status":"open","ping_status":"open","sticky":false,"template":"","format":"standard","meta":{"footnotes":""},"categories":[25],"tags":[2670,1068,16651,1281,22030,4813,15760,198],"class_list":["post-36301","post","type-post","status-publish","format-standard","hentry","category-sociedad","tag-almirante-brown","tag-dario-giustozzi","tag-milagros-gonzalez","tag-narcotraficantes","tag-policiales","tag-proxenetas","tag-silvia","tag-victima"],"_links":{"self":[{"href":"https:\/\/www.elsindical.com.ar\/notas\/wp-json\/wp\/v2\/posts\/36301","targetHints":{"allow":["GET"]}}],"collection":[{"href":"https:\/\/www.elsindical.com.ar\/notas\/wp-json\/wp\/v2\/posts"}],"about":[{"href":"https:\/\/www.elsindical.com.ar\/notas\/wp-json\/wp\/v2\/types\/post"}],"author":[{"embeddable":true,"href":"https:\/\/www.elsindical.com.ar\/notas\/wp-json\/wp\/v2\/users\/1"}],"replies":[{"embeddable":true,"href":"https:\/\/www.elsindical.com.ar\/notas\/wp-json\/wp\/v2\/comments?post=36301"}],"version-history":[{"count":3,"href":"https:\/\/www.elsindical.com.ar\/notas\/wp-json\/wp\/v2\/posts\/36301\/revisions"}],"predecessor-version":[{"id":68223,"href":"https:\/\/www.elsindical.com.ar\/notas\/wp-json\/wp\/v2\/posts\/36301\/revisions\/68223"}],"wp:attachment":[{"href":"https:\/\/www.elsindical.com.ar\/notas\/wp-json\/wp\/v2\/media?parent=36301"}],"wp:term":[{"taxonomy":"category","embeddable":true,"href":"https:\/\/www.elsindical.com.ar\/notas\/wp-json\/wp\/v2\/categories?post=36301"},{"taxonomy":"post_tag","embeddable":true,"href":"https:\/\/www.elsindical.com.ar\/notas\/wp-json\/wp\/v2\/tags?post=36301"}],"curies":[{"name":"wp","href":"https:\/\/api.w.org\/{rel}","templated":true}]}}