{"id":36223,"date":"2013-07-20T01:06:44","date_gmt":"2013-07-20T04:06:44","guid":{"rendered":"http:\/\/www.elsindical.com.ar\/notas\/?p=36223"},"modified":"2013-07-20T01:06:44","modified_gmt":"2013-07-20T04:06:44","slug":"tras-la-denuncia-por-trata-aptra-suspendio-a-cacho-rubio","status":"publish","type":"post","link":"https:\/\/www.elsindical.com.ar\/notas\/tras-la-denuncia-por-trata-aptra-suspendio-a-cacho-rubio\/","title":{"rendered":"Tras la denuncia por trata, APTRA suspendi\u00f3 a Cacho Rubio"},"content":{"rendered":"<p style=\"text-align: justify;\"><em><a href=\"http:\/\/www.elsindical.com.ar\/notas\/var\/www\/html\/notas\/wp-content\/uploads\/2013\/07\/Cacho-Rubio.jpg\"><img loading=\"lazy\" decoding=\"async\" class=\"alignleft size-medium wp-image-36224\" alt=\"Cacho-Rubio\" src=\"http:\/\/www.elsindical.com.ar\/notas\/var\/www\/html\/notas\/wp-content\/uploads\/2013\/07\/Cacho-Rubio-300x224.jpg\" width=\"300\" height=\"224\" srcset=\"https:\/\/www.elsindical.com.ar\/notas\/var\/www\/html\/notas\/wp-content\/uploads\/2013\/07\/Cacho-Rubio-300x224.jpg 300w, https:\/\/www.elsindical.com.ar\/notas\/var\/www\/html\/notas\/wp-content\/uploads\/2013\/07\/Cacho-Rubio-400x300.jpg 400w, https:\/\/www.elsindical.com.ar\/notas\/var\/www\/html\/notas\/wp-content\/uploads\/2013\/07\/Cacho-Rubio.jpg 502w\" sizes=\"auto, (max-width: 300px) 100vw, 300px\" \/><\/a>La entidad le aplic\u00f3 esta sanci\u00f3n en forma temporararia al periodista, luego de la denuncia de la ONG La Alameda.<\/em><\/p>\n<p style=\"text-align: justify;\"><b>La Asociaci\u00f3n de Periodistas de la Televisi\u00f3n y la Radiofon\u00eda Argentina (APTRA) suspendi\u00f3 <\/b>temporalmente al periodista <b>Cacho Rubio<\/b>, tras <b>la denuncia de la ONG La Alameda sobre una red de trata de personas.<\/b><\/p>\n<p>APTRA tiene previsto organizar el pr\u00f3ximo <b>5 de agosto la tradicional entrega de los premios Mart\u00edn Fierro,<\/b> a la radio y televisi\u00f3n, en el Teatro Col\u00f3n.<\/p>\n<p>Ante el esc\u00e1ndalo que se dispar\u00f3 por la denuncia de La Alameda contra Cacho Rubio, la asociaci\u00f3n decidi\u00f3 suspender por tres meses al reconocido periodista de espect\u00e1culos.<\/p>\n<p>El titular de la ONG, G<b>ustavo Vera<\/b>, public\u00f3 un comunicado en su Facebook exponiendo las razones de la denuncia contra Cacho Rubio.<br \/>\n<b><br \/>\n\u00abSi APTRA no expulsa a Cacho Rubio de sus filas, habr\u00e1 escrache de la Alameda en el Teatro Col\u00f3n <\/b>el d\u00eda de la entrega de los Mart\u00edn Fierro ante la enorme cantidad de videos y fotos que comprueban que el Sr. Cacho Rubio participaba activamente de las redes de trata y proxenetismo armadas desde la SIDE con Ra\u00fal Martins y el Lauch\u00f3n a la cabeza\u00bb, indic\u00f3.<\/p>\n<p>Desde la ONG adelantaron que si Rubio tomaba parte de la entrega de los premios Mart\u00edn Fierro, har\u00e1n un escrache frente al Teatro Col\u00f3n, donde podr\u00edan proyectar un informe sobre la acusaci\u00f3n contra el periodista.<\/p>\n<p><b>\u00a0\u00abEsperamos que APTRA expulse de sus filas a este c\u00f3mplice de tratantes y proxenetas <\/b>y evitar as\u00ed tener que movilizarnos para seguir visibilizando ante la opini\u00f3n p\u00fablica esta grav\u00edsima situaci\u00f3n\u00bb, afirm\u00f3.<\/p>\n<p>A su vez, el periodista dijo que a\u00fan no recibi\u00f3 ning\u00fan tipo de comunicaci\u00f3n de parte de APTRA sobre la suspensi\u00f3n a su cargo dentro de la entidad.<br \/>\n<b><br \/>\n\u00abYo vivo mi vida. Trato de vivir sin joder a nadie,<\/b> me divierto. Mir\u00e1 que voy a andar en eso. Le llegan a decir algo a mis nietos y los tengo que matar\u00bb, dijo Rubio en declaraciones al programa radial de Jorge Lanata.<\/p>\n<p>En cuanto a las denuncias de La Alameda en su contra afirm\u00f3: \u00abS<b>on unos turros. No saben qu\u00e9 hacer.<\/b> Si yo hubiera hecho algo no saldr\u00eda todas las noches ni dar\u00eda la cara. Tengo la misma casa, el mismo auto. Lo que me jode es la imagen que dejan para mis nietos\u00bb.<\/p>\n","protected":false},"excerpt":{"rendered":"<p>La entidad le aplic\u00f3 esta sanci\u00f3n en forma temporararia al periodista, luego de la denuncia de la ONG La Alameda. La Asociaci\u00f3n de Periodistas de la Televisi\u00f3n y la Radiofon\u00eda Argentina (APTRA) suspendi\u00f3 temporalmente al periodista Cacho Rubio, tras la denuncia de la ONG La Alameda sobre una red de trata de personas. APTRA tiene&hellip;<\/p>\n","protected":false},"author":1,"featured_media":0,"comment_status":"open","ping_status":"open","sticky":false,"template":"","format":"standard","meta":{"footnotes":""},"categories":[6],"tags":[16632,16633,3592,16634,315],"class_list":["post-36223","post","type-post","status-publish","format-standard","hentry","category-denuncias","tag-aptra","tag-cacho-rubio","tag-gustavo-vera","tag-ong-la-alameda","tag-trata-de-personas"],"_links":{"self":[{"href":"https:\/\/www.elsindical.com.ar\/notas\/wp-json\/wp\/v2\/posts\/36223","targetHints":{"allow":["GET"]}}],"collection":[{"href":"https:\/\/www.elsindical.com.ar\/notas\/wp-json\/wp\/v2\/posts"}],"about":[{"href":"https:\/\/www.elsindical.com.ar\/notas\/wp-json\/wp\/v2\/types\/post"}],"author":[{"embeddable":true,"href":"https:\/\/www.elsindical.com.ar\/notas\/wp-json\/wp\/v2\/users\/1"}],"replies":[{"embeddable":true,"href":"https:\/\/www.elsindical.com.ar\/notas\/wp-json\/wp\/v2\/comments?post=36223"}],"version-history":[{"count":1,"href":"https:\/\/www.elsindical.com.ar\/notas\/wp-json\/wp\/v2\/posts\/36223\/revisions"}],"predecessor-version":[{"id":36225,"href":"https:\/\/www.elsindical.com.ar\/notas\/wp-json\/wp\/v2\/posts\/36223\/revisions\/36225"}],"wp:attachment":[{"href":"https:\/\/www.elsindical.com.ar\/notas\/wp-json\/wp\/v2\/media?parent=36223"}],"wp:term":[{"taxonomy":"category","embeddable":true,"href":"https:\/\/www.elsindical.com.ar\/notas\/wp-json\/wp\/v2\/categories?post=36223"},{"taxonomy":"post_tag","embeddable":true,"href":"https:\/\/www.elsindical.com.ar\/notas\/wp-json\/wp\/v2\/tags?post=36223"}],"curies":[{"name":"wp","href":"https:\/\/api.w.org\/{rel}","templated":true}]}}