{"id":3622,"date":"2010-02-14T14:42:20","date_gmt":"2010-02-14T17:42:20","guid":{"rendered":"http:\/\/www.elsindical.com.ar\/notas\/?p=3622"},"modified":"2010-02-14T14:42:20","modified_gmt":"2010-02-14T17:42:20","slug":"la-uba-dara-un-diploma-a-quienes-aprueben-el-cbc","status":"publish","type":"post","link":"https:\/\/www.elsindical.com.ar\/notas\/la-uba-dara-un-diploma-a-quienes-aprueben-el-cbc\/","title":{"rendered":"La UBA dar\u00e1 un diploma a quienes aprueben el CBC"},"content":{"rendered":"<p style=\"text-align: justify;\"><em><a href=\"http:\/\/www.elsindical.com.ar\/notas\/var\/www\/html\/notas\/wp-content\/uploads\/2010\/02\/logo-UBA.jpg\"><img loading=\"lazy\" decoding=\"async\" class=\"alignleft size-full wp-image-3623\" title=\"logo-UBA\" src=\"http:\/\/www.elsindical.com.ar\/notas\/var\/www\/html\/notas\/wp-content\/uploads\/2010\/02\/logo-UBA.jpg\" alt=\"\" width=\"148\" height=\"148\" \/><\/a>Los casi 800.000 alumnos que cursan el Ciclo B\u00e1sico Com\u00fan tendr\u00e1n desde este a\u00f1o un diploma que los acredita por haber cursado el primer tramo de esa universidad, lo que los ayudar\u00e1 en la b\u00fasqueda de empleo, confirm\u00f3 el titular de esa instituci\u00f3n acad\u00e9mica, Jorge Ferronato.<\/em><\/p>\n<p style=\"text-align: justify;\">El funcionario anunci\u00f3 que la medida alcanza a los 660.000 aspirantes que completaron las seis materias que en su mayor\u00eda exigen las disciplinas mayores -excepto Arquitectura, que tiene siete- desde su creaci\u00f3n, en 1984, durante el gobierno del fallecido Ra\u00fal Alfons\u00edn.<\/p>\n<p>Ferronato confirm\u00f3 que habr\u00e1 una certificaci\u00f3n de todos los estudiantes. \u201cNo es un t\u00edtulo, nosotros no podemos expedir t\u00edtulos, es un diploma que certifique la culminaci\u00f3n de un ciclo, que es el primer ciclo de la Universidad de Buenos Aires. Hasta hace poco el ciclo b\u00e1sico el alumno lo culminaba y segu\u00eda en la facultad el segundo ciclo. Lo que el rector (Rub\u00e9n Hall\u00fa) quiere ahora es establecer una suerte de diplomatura al aspirante que termina el primer ciclo, que termina el CBC, va a tener un diploma que acredite que hizo ese esfuerzo acad\u00e9mico. Esto me parece realmente muy importante porque el alumno va a sentir que su esfuerzo vale la pena\u201d.<\/p>\n<p>El funcionario asegur\u00f3 que a los estudiantes \u00able sirve laboralmente porque es mucho m\u00e1s que un secundario\u00bb y se\u00f1al\u00f3 que \u00abse va a implementar el mecanismo necesario para lograr que todos aquellos que hayan culminado el CBC, tengan el certificado\u00bb.<\/p>\n<p>\u00abEn consecuencia aquellos alumnos que hayan culminado el CBC tambi\u00e9n van a poder solicitar se les expida el certificado, el diploma correspondiente, previamente tendr\u00e1n que hacer un tr\u00e1mite administrativo obviamente en la sede correspondiente\u00bb, apunt\u00f3.<\/p>\n<p>Ferronato, que est\u00e1 al frente del CBC desde octubre del 2008, acaba de firmar un convenio con la facultad de Ingenier\u00eda, similar a lo que se hizo en 2009 con Medicina, Farmacia, Sociales y Veterinaria, para que los docentes puedan mejorar la transmisi\u00f3n del conocimiento en las \u00e1reas m\u00e1s r\u00edspidas como Matem\u00e1tica, Comprensi\u00f3n de textos y Ciencias.<\/p>\n<p>Ante una consulta sobre dos nuevas sedes del CBC, de las 28 con que cuenta, indic\u00f3 que \u201cen Pilar y en Chivilcoy, por ejemplo, lo curioso, lo que la gente com\u00fan se pregunta, es que en Pilar se instala el CBC, pero no s\u00f3lo el CBC sino otras carreras que tienen demanda estudiantil y que los chicos una vez que cursen ah\u00ed, pueden seguir la carrera de grado, en Econ\u00f3micas, Derecho, Agronom\u00eda y Veterinaria, incluyendo algunos post-grados.\u201d<\/p>\n","protected":false},"excerpt":{"rendered":"<p>Los casi 800.000 alumnos que cursan el Ciclo B\u00e1sico Com\u00fan tendr\u00e1n desde este a\u00f1o un diploma que los acredita por haber cursado el primer tramo de esa universidad, lo que los ayudar\u00e1 en la b\u00fasqueda de empleo, confirm\u00f3 el titular de esa instituci\u00f3n acad\u00e9mica, Jorge Ferronato. El funcionario anunci\u00f3 que la medida alcanza a los&hellip;<\/p>\n","protected":false},"author":1,"featured_media":0,"comment_status":"open","ping_status":"open","sticky":false,"template":"","format":"standard","meta":{"footnotes":""},"categories":[3],"tags":[366,1888,1886,1887,1889,1890,1885],"class_list":["post-3622","post","type-post","status-publish","format-standard","hentry","category-capacitacion","tag-alumnos","tag-carreras","tag-cbc","tag-diploma","tag-materias","tag-raul-alfonsin","tag-uba"],"_links":{"self":[{"href":"https:\/\/www.elsindical.com.ar\/notas\/wp-json\/wp\/v2\/posts\/3622","targetHints":{"allow":["GET"]}}],"collection":[{"href":"https:\/\/www.elsindical.com.ar\/notas\/wp-json\/wp\/v2\/posts"}],"about":[{"href":"https:\/\/www.elsindical.com.ar\/notas\/wp-json\/wp\/v2\/types\/post"}],"author":[{"embeddable":true,"href":"https:\/\/www.elsindical.com.ar\/notas\/wp-json\/wp\/v2\/users\/1"}],"replies":[{"embeddable":true,"href":"https:\/\/www.elsindical.com.ar\/notas\/wp-json\/wp\/v2\/comments?post=3622"}],"version-history":[{"count":2,"href":"https:\/\/www.elsindical.com.ar\/notas\/wp-json\/wp\/v2\/posts\/3622\/revisions"}],"predecessor-version":[{"id":3625,"href":"https:\/\/www.elsindical.com.ar\/notas\/wp-json\/wp\/v2\/posts\/3622\/revisions\/3625"}],"wp:attachment":[{"href":"https:\/\/www.elsindical.com.ar\/notas\/wp-json\/wp\/v2\/media?parent=3622"}],"wp:term":[{"taxonomy":"category","embeddable":true,"href":"https:\/\/www.elsindical.com.ar\/notas\/wp-json\/wp\/v2\/categories?post=3622"},{"taxonomy":"post_tag","embeddable":true,"href":"https:\/\/www.elsindical.com.ar\/notas\/wp-json\/wp\/v2\/tags?post=3622"}],"curies":[{"name":"wp","href":"https:\/\/api.w.org\/{rel}","templated":true}]}}