{"id":36207,"date":"2013-07-19T10:03:40","date_gmt":"2013-07-19T13:03:40","guid":{"rendered":"http:\/\/www.elsindical.com.ar\/notas\/?p=36207"},"modified":"2013-07-19T10:03:40","modified_gmt":"2013-07-19T13:03:40","slug":"ricardo-jaime-beneficiado-por-resolucion-de-la-camara-federal","status":"publish","type":"post","link":"https:\/\/www.elsindical.com.ar\/notas\/ricardo-jaime-beneficiado-por-resolucion-de-la-camara-federal\/","title":{"rendered":"Ricardo Jaime beneficiado por resoluci\u00f3n de la C\u00e1mara Federal"},"content":{"rendered":"<p style=\"text-align: justify;\"><em><a href=\"http:\/\/www.elsindical.com.ar\/notas\/var\/www\/html\/notas\/wp-content\/uploads\/2010\/04\/Ricardo-Jaime.jpg\"><img loading=\"lazy\" decoding=\"async\" class=\"alignleft size-full wp-image-5615\" alt=\"Ricardo-Jaime\" src=\"http:\/\/www.elsindical.com.ar\/notas\/var\/www\/html\/notas\/wp-content\/uploads\/2010\/04\/Ricardo-Jaime.jpg\" width=\"198\" height=\"219\" \/><\/a>Los camaristas Eduardo Freiller y Jorge Ballestero otorgaron la exenci\u00f3n de prisi\u00f3n al ex secretario de Transporte porque evaluaron que \u00abno existe riesgo de fuga ni de obstaculizar la investigaci\u00f3n judicial\u00bb de los hechos que se le imputan. Tambi\u00e9n cuestionaron al juez Bonad\u00edo ya que se\u00f1alaron que hubo una \u201cfalta de motivos valederos para cercenar la libertad\u201d de Jaime.<\/em><\/p>\n<p style=\"text-align: justify;\">La sala de feria de la C\u00e1mara Federal porte\u00f1a otorg\u00f3 la exenci\u00f3n de prisi\u00f3n al ex secretario de Transporte de la Naci\u00f3n, Ricardo Jaime, al considerar que \u00abno existe riesgo de fuga ni de obstaculizar la investigaci\u00f3n judicial\u00bb de los hechos que se le imputan y consider\u00f3 \u00abarbitraria\u201d esa decisi\u00f3n.<\/p>\n<p>Al revocar la medida, el tribunal reprendi\u00f3 al juez Claudio Bonad\u00edo por hacer una \u201caplicaci\u00f3n inapropiada cuando no arcaica\u201d del derecho al denegarle el beneficio pedido y consider\u00f3 que hubo una \u201cfalta de motivos valederos para cercenar la libertad\u201d del ex funcionario.<\/p>\n<p>El tribunal, que integran los camaristas Eduardo Freiller y Jorge Ballestero, adem\u00e1s de reprochar a Bonad\u00edo la \u201caplicaci\u00f3n inapropiada\u00bb, consider\u00f3 que no existe riesgo de fuga ni de obstaculizar la investigaci\u00f3n judicial de los hechos que se le imputan al ex funcionario y que esa son las \u00fanicas condiciones que fija la jurisprudencia vigente para denegar la libertad a un procesado.<\/p>\n<p>Jaime fue procesado la semana pasada con prisi\u00f3n preventiva por Bonad\u00edo en una causa por presuntas contrataciones irregulares en el ferrocarril Belgrano Cargas, pero el ex funcionario anunci\u00f3 que no se presentar\u00eda ante la Justicia hasta que la C\u00e1mara Federal se expidiera siguiendo el consejo de su abogado.<\/p>\n<p>Andr\u00e9s Marutian, abogado de Jaime, celebr\u00f3 ayer la resoluci\u00f3n que, seg\u00fan dijo, deja en claro que la decisi\u00f3n de Bonad\u00edo \u201crespond\u00eda a motivaciones no jur\u00eddicas\u201d.<\/p>\n<p>En una resoluci\u00f3n r\u00e1pida de seis p\u00e1ginas, la C\u00e1mara Federal se\u00f1al\u00f3 la \u201cfalta de motivos valederos para cercenar la libertad\u201d de Jaime cuando el viernes pasado Bonad\u00edo le rechaz\u00f3 el pedido de exenci\u00f3n de la prisi\u00f3n preventiva y luego lo declar\u00f3 en rebeld\u00eda.<\/p>\n<p>La C\u00e1mara reproch\u00f3 al juez \u201cextraviarse en temperamentos propios de otros tiempos y de otros estrados, muy distintos a los que constituyen la doctrina sentada en los \u00faltimos a\u00f1os por este Tribunal\u201d.<\/p>\n<p>Bonad\u00edo hab\u00eda fundamentado su decisi\u00f3n en que Jaime tiene varias causas abiertas en la Justicia e incluso una elevada a juicio oral pero la C\u00e1mara objet\u00f3 que \u201cuna cifra fr\u00eda pueda dar cuenta de la \u00abfutura conducta\u201d de un imputado.<\/p>\n<p>El magistrado tambi\u00e9n hab\u00eda esgrimido los \u201csupuestos v\u00ednculos con funcionarios del Estado\u201d pero los camaristas desecharon ese criterio ya que \u201cesa informaci\u00f3n lejos est\u00e1 de imponerse en un extremo novedoso\u201d ya que es la misma que existe desde el comienzo de la causa.<\/p>\n<p>\u201cLas razones alegadas para denegar la petici\u00f3n de la defensa resultan incapaces de otorgar serio fundamento a la restricci\u00f3n de derechos que supone su decisi\u00f3n. De ah\u00ed que tal estudio hubiese ahorrado todos los recursos empe\u00f1ados en aras de perseguir la arbitraria aprehensi\u00f3n del imputado\u201d, se\u00f1ala la resoluci\u00f3n de los camaristas.<\/p>\n","protected":false},"excerpt":{"rendered":"<p>Los camaristas Eduardo Freiller y Jorge Ballestero otorgaron la exenci\u00f3n de prisi\u00f3n al ex secretario de Transporte porque evaluaron que \u00abno existe riesgo de fuga ni de obstaculizar la investigaci\u00f3n judicial\u00bb de los hechos que se le imputan. Tambi\u00e9n cuestionaron al juez Bonad\u00edo ya que se\u00f1alaron que hubo una \u201cfalta de motivos valederos para cercenar&hellip;<\/p>\n","protected":false},"author":1,"featured_media":0,"comment_status":"open","ping_status":"open","sticky":false,"template":"","format":"standard","meta":{"footnotes":""},"categories":[20],"tags":[1627,79,14698,629,2984],"class_list":["post-36207","post","type-post","status-publish","format-standard","hentry","category-judiciales","tag-arresto","tag-camara-federal","tag-juez-claudio-bonadio","tag-prision","tag-ricardo-jaime"],"_links":{"self":[{"href":"https:\/\/www.elsindical.com.ar\/notas\/wp-json\/wp\/v2\/posts\/36207","targetHints":{"allow":["GET"]}}],"collection":[{"href":"https:\/\/www.elsindical.com.ar\/notas\/wp-json\/wp\/v2\/posts"}],"about":[{"href":"https:\/\/www.elsindical.com.ar\/notas\/wp-json\/wp\/v2\/types\/post"}],"author":[{"embeddable":true,"href":"https:\/\/www.elsindical.com.ar\/notas\/wp-json\/wp\/v2\/users\/1"}],"replies":[{"embeddable":true,"href":"https:\/\/www.elsindical.com.ar\/notas\/wp-json\/wp\/v2\/comments?post=36207"}],"version-history":[{"count":1,"href":"https:\/\/www.elsindical.com.ar\/notas\/wp-json\/wp\/v2\/posts\/36207\/revisions"}],"predecessor-version":[{"id":36208,"href":"https:\/\/www.elsindical.com.ar\/notas\/wp-json\/wp\/v2\/posts\/36207\/revisions\/36208"}],"wp:attachment":[{"href":"https:\/\/www.elsindical.com.ar\/notas\/wp-json\/wp\/v2\/media?parent=36207"}],"wp:term":[{"taxonomy":"category","embeddable":true,"href":"https:\/\/www.elsindical.com.ar\/notas\/wp-json\/wp\/v2\/categories?post=36207"},{"taxonomy":"post_tag","embeddable":true,"href":"https:\/\/www.elsindical.com.ar\/notas\/wp-json\/wp\/v2\/tags?post=36207"}],"curies":[{"name":"wp","href":"https:\/\/api.w.org\/{rel}","templated":true}]}}