{"id":35974,"date":"2013-07-10T12:29:03","date_gmt":"2013-07-10T15:29:03","guid":{"rendered":"http:\/\/www.elsindical.com.ar\/notas\/?p=35974"},"modified":"2013-07-10T12:29:03","modified_gmt":"2013-07-10T15:29:03","slug":"la-defensoria-pide-que-se-proteja-a-quienes-denuncian-a-integrantes-de-la-policia-federal","status":"publish","type":"post","link":"https:\/\/www.elsindical.com.ar\/notas\/la-defensoria-pide-que-se-proteja-a-quienes-denuncian-a-integrantes-de-la-policia-federal\/","title":{"rendered":"La Defensor\u00eda pide que se proteja a quienes denuncian a integrantes de la Polic\u00eda Federal"},"content":{"rendered":"<p style=\"text-align: justify;\"><em><a href=\"http:\/\/www.elsindical.com.ar\/notas\/var\/www\/html\/notas\/wp-content\/uploads\/2010\/07\/polic\u00eda-federal-gen\u00e9rico.jpg\"><img loading=\"lazy\" decoding=\"async\" class=\"alignleft size-full wp-image-7786\" alt=\"polic\u00eda-federal-gen\u00e9rico\" src=\"http:\/\/www.elsindical.com.ar\/notas\/var\/www\/html\/notas\/wp-content\/uploads\/2010\/07\/polic\u00eda-federal-gen\u00e9rico.jpg\" width=\"198\" height=\"226\" \/><\/a>Se advirti\u00f3 al Ministerio de Seguridad de la Naci\u00f3n que se garantice la protecci\u00f3n de los ciudadanos que efect\u00faen alguna denuncia contra personal de la Polic\u00eda, ya que la misma puede ser instruidas e investigada por la dependencia policial a la que pertenece el denunciado.<\/em><\/p>\n<p style=\"text-align: justify;\">La Defensor\u00eda pide que se proteja a quienes denuncian a integrantes de la Polic\u00eda Federal<\/p>\n<p style=\"text-align: justify;\">Debido a una denuncia por abusivo desempe\u00f1o de efectivos de la Polic\u00eda Federal Argentina (PFA) y con el objeto de investigar el procedimiento de instrucci\u00f3n de actuaciones administrativas por esa fuerza, la Defensor\u00eda del Pueblo exhort\u00f3 al Ministro de Seguridad de la Naci\u00f3n, Arturo Puricelli, que, hasta tanto se proceda a la reforma de la normativa vigente que regula el r\u00e9gimen disciplinario del personal de la PFA, instrumente un mecanismo de tramitaci\u00f3n de las denuncias de los ciudadanos respecto del accionar policial que garantice la protecci\u00f3n del denunciante en el inicio (con la recepci\u00f3n de la denuncia) y en la sustanciaci\u00f3n del procedimiento.<\/p>\n<p style=\"text-align: justify;\">Anteriormente, la Defensor\u00eda ya hab\u00eda manifestado la necesidad de contar con mecanismos de control y de rendici\u00f3n de cuentas (accountability) para la Polic\u00eda Federal Argentina, la cual conserva una estructura institucional perimida que no responde a los nuevos est\u00e1ndares internacionales.<\/p>\n<p style=\"text-align: justify;\">Por otra parte, la Defensor\u00eda del Pueblo porte\u00f1a tambi\u00e9n destac\u00f3 que la Superintendencia de Asuntos Internos deber\u00eda constitu\u00edr un \u00e1rea separada con personal independiente, como un requisito indispensable para garantizar una auditor\u00eda interna adecuada. Sin perjuicio de ello, al d\u00eda de hoy no se observan modificaciones en este sentido.<\/p>\n","protected":false},"excerpt":{"rendered":"<p>Se advirti\u00f3 al Ministerio de Seguridad de la Naci\u00f3n que se garantice la protecci\u00f3n de los ciudadanos que efect\u00faen alguna denuncia contra personal de la Polic\u00eda, ya que la misma puede ser instruidas e investigada por la dependencia policial a la que pertenece el denunciado. La Defensor\u00eda pide que se proteja a quienes denuncian a&hellip;<\/p>\n","protected":false},"author":1,"featured_media":0,"comment_status":"open","ping_status":"open","sticky":false,"template":"","format":"standard","meta":{"footnotes":""},"categories":[8],"tags":[1476,5824,22020,7556,698,502,16556],"class_list":["post-35974","post","type-post","status-publish","format-standard","hentry","category-derechos-humanos","tag-asuntos-internos","tag-defensoria-del-pueblo","tag-denuncias","tag-ministerio-de-seguridad-de-la-nacion","tag-pfa","tag-policia-federal-argentina","tag-proteccion-de-ciudadanos"],"_links":{"self":[{"href":"https:\/\/www.elsindical.com.ar\/notas\/wp-json\/wp\/v2\/posts\/35974","targetHints":{"allow":["GET"]}}],"collection":[{"href":"https:\/\/www.elsindical.com.ar\/notas\/wp-json\/wp\/v2\/posts"}],"about":[{"href":"https:\/\/www.elsindical.com.ar\/notas\/wp-json\/wp\/v2\/types\/post"}],"author":[{"embeddable":true,"href":"https:\/\/www.elsindical.com.ar\/notas\/wp-json\/wp\/v2\/users\/1"}],"replies":[{"embeddable":true,"href":"https:\/\/www.elsindical.com.ar\/notas\/wp-json\/wp\/v2\/comments?post=35974"}],"version-history":[{"count":1,"href":"https:\/\/www.elsindical.com.ar\/notas\/wp-json\/wp\/v2\/posts\/35974\/revisions"}],"predecessor-version":[{"id":35975,"href":"https:\/\/www.elsindical.com.ar\/notas\/wp-json\/wp\/v2\/posts\/35974\/revisions\/35975"}],"wp:attachment":[{"href":"https:\/\/www.elsindical.com.ar\/notas\/wp-json\/wp\/v2\/media?parent=35974"}],"wp:term":[{"taxonomy":"category","embeddable":true,"href":"https:\/\/www.elsindical.com.ar\/notas\/wp-json\/wp\/v2\/categories?post=35974"},{"taxonomy":"post_tag","embeddable":true,"href":"https:\/\/www.elsindical.com.ar\/notas\/wp-json\/wp\/v2\/tags?post=35974"}],"curies":[{"name":"wp","href":"https:\/\/api.w.org\/{rel}","templated":true}]}}