{"id":35960,"date":"2013-07-09T22:34:30","date_gmt":"2013-07-10T01:34:30","guid":{"rendered":"http:\/\/www.elsindical.com.ar\/notas\/?p=35960"},"modified":"2013-07-09T22:34:30","modified_gmt":"2013-07-10T01:34:30","slug":"volvieron-a-detener-a-pity-alvarez","status":"publish","type":"post","link":"https:\/\/www.elsindical.com.ar\/notas\/volvieron-a-detener-a-pity-alvarez\/","title":{"rendered":"Volvieron a detener a \u00abPity\u00bb \u00c1lvarez"},"content":{"rendered":"<p style=\"text-align: justify;\"><em><a href=\"http:\/\/www.elsindical.com.ar\/notas\/var\/www\/html\/notas\/wp-content\/uploads\/2012\/10\/Pity-Alvarez.jpg\"><img loading=\"lazy\" decoding=\"async\" class=\"alignleft size-medium wp-image-28083\" alt=\"Pity-Alvarez\" src=\"http:\/\/www.elsindical.com.ar\/notas\/var\/www\/html\/notas\/wp-content\/uploads\/2012\/10\/Pity-Alvarez-199x300.jpg\" width=\"199\" height=\"300\" srcset=\"https:\/\/www.elsindical.com.ar\/notas\/var\/www\/html\/notas\/wp-content\/uploads\/2012\/10\/Pity-Alvarez-199x300.jpg 199w, https:\/\/www.elsindical.com.ar\/notas\/var\/www\/html\/notas\/wp-content\/uploads\/2012\/10\/Pity-Alvarez.jpg 325w\" sizes=\"auto, (max-width: 199px) 100vw, 199px\" \/><\/a>El m\u00fasico caminaba por las calles de Lugano con un arma.<\/em><\/p>\n<p style=\"text-align: justify;\">El l\u00edder de la banda <strong>Viejas Locas<\/strong>,<strong> \u00abPity\u00bb \u00c1lvarez<\/strong>, fue detenido por personal de Gendarmer\u00eda Nacional que se encontraba patrullando la zona<strong> por portar un arma de fuego<\/strong> en el barrio de Villa Lugano<\/p>\n<p style=\"text-align: justify;\"><strong>El cantante llevaba un arma calibre 22 en la cintura y por tal motivo ahora se encuentra alojado en la comisar\u00eda 52, donde ser\u00e1 indagado en las pr\u00f3ximas horas.<\/strong><\/p>\n<p style=\"text-align: justify;\"><strong>Esta es la segunda vez que detienen al cantante de 41 a\u00f1os en menos de un mes.<\/strong><\/p>\n<p style=\"text-align: justify;\">Un a\u00f1o y medio atr\u00e1s lo hab\u00edan detenido por portar una pistola calibre 45. En ese entonces, \u00c1lvarez fue llevado a la comisar\u00eda y puesto a disposici\u00f3n de la jueza de Instrucci\u00f3n en turno, Alicia Iermini, quien dispuso su traslado a Tribunales para indagarlo por <strong>\u00abportaci\u00f3n de arma de uso civil condicionado (guerra)\u00bb.<\/strong><\/p>\n<p style=\"text-align: justify;\">El m\u00fasico permaneci\u00f3 durante varias horas en los tribunales, pero por la tarde, luego de declarar ante la magistrada, recuper\u00f3 su libertad.<\/p>\n<p style=\"text-align: justify;\"><strong>En septiembre y octubre de 2010, respectivamente, fue procesado por amenazar con un arma a la madre de una fan que le pidi\u00f3 una foto y acusado de herir a su manager de un tiro en la pierna.<\/strong><\/p>\n","protected":false},"excerpt":{"rendered":"<p>El m\u00fasico caminaba por las calles de Lugano con un arma. El l\u00edder de la banda Viejas Locas, \u00abPity\u00bb \u00c1lvarez, fue detenido por personal de Gendarmer\u00eda Nacional que se encontraba patrullando la zona por portar un arma de fuego en el barrio de Villa Lugano El cantante llevaba un arma calibre 22 en la cintura&hellip;<\/p>\n","protected":false},"author":1,"featured_media":0,"comment_status":"open","ping_status":"open","sticky":false,"template":"","format":"standard","meta":{"footnotes":""},"categories":[22],"tags":[16548,481,16549,1429,1265,16547,1156],"class_list":["post-35960","post","type-post","status-publish","format-standard","hentry","category-policiales","tag-alicia-iermini","tag-cantante","tag-comisaria-52","tag-gendarmeria-nacional","tag-pity-alvarez","tag-portacion-arma","tag-viejas-locas"],"_links":{"self":[{"href":"https:\/\/www.elsindical.com.ar\/notas\/wp-json\/wp\/v2\/posts\/35960","targetHints":{"allow":["GET"]}}],"collection":[{"href":"https:\/\/www.elsindical.com.ar\/notas\/wp-json\/wp\/v2\/posts"}],"about":[{"href":"https:\/\/www.elsindical.com.ar\/notas\/wp-json\/wp\/v2\/types\/post"}],"author":[{"embeddable":true,"href":"https:\/\/www.elsindical.com.ar\/notas\/wp-json\/wp\/v2\/users\/1"}],"replies":[{"embeddable":true,"href":"https:\/\/www.elsindical.com.ar\/notas\/wp-json\/wp\/v2\/comments?post=35960"}],"version-history":[{"count":1,"href":"https:\/\/www.elsindical.com.ar\/notas\/wp-json\/wp\/v2\/posts\/35960\/revisions"}],"predecessor-version":[{"id":35961,"href":"https:\/\/www.elsindical.com.ar\/notas\/wp-json\/wp\/v2\/posts\/35960\/revisions\/35961"}],"wp:attachment":[{"href":"https:\/\/www.elsindical.com.ar\/notas\/wp-json\/wp\/v2\/media?parent=35960"}],"wp:term":[{"taxonomy":"category","embeddable":true,"href":"https:\/\/www.elsindical.com.ar\/notas\/wp-json\/wp\/v2\/categories?post=35960"},{"taxonomy":"post_tag","embeddable":true,"href":"https:\/\/www.elsindical.com.ar\/notas\/wp-json\/wp\/v2\/tags?post=35960"}],"curies":[{"name":"wp","href":"https:\/\/api.w.org\/{rel}","templated":true}]}}