{"id":35879,"date":"2013-07-05T01:09:50","date_gmt":"2013-07-05T04:09:50","guid":{"rendered":"http:\/\/www.elsindical.com.ar\/notas\/?p=35879"},"modified":"2013-07-05T01:09:50","modified_gmt":"2013-07-05T04:09:50","slug":"efemeridesdel-dia-5-de-julio-4","status":"publish","type":"post","link":"https:\/\/www.elsindical.com.ar\/notas\/efemeridesdel-dia-5-de-julio-4\/","title":{"rendered":"EFEM\u00c9RIDES:DEL D\u00cdA 5 DE JULIO"},"content":{"rendered":"<p style=\"text-align: justify;\"><a href=\"http:\/\/www.elsindical.com.ar\/notas\/var\/www\/html\/notas\/wp-content\/uploads\/2013\/07\/Luis-Sandrini.jpg\"><img loading=\"lazy\" decoding=\"async\" class=\"alignleft size-medium wp-image-35880\" alt=\"Luis-Sandrini\" src=\"http:\/\/www.elsindical.com.ar\/notas\/var\/www\/html\/notas\/wp-content\/uploads\/2013\/07\/Luis-Sandrini-229x300.jpg\" width=\"229\" height=\"300\" srcset=\"https:\/\/www.elsindical.com.ar\/notas\/var\/www\/html\/notas\/wp-content\/uploads\/2013\/07\/Luis-Sandrini-229x300.jpg 229w, https:\/\/www.elsindical.com.ar\/notas\/var\/www\/html\/notas\/wp-content\/uploads\/2013\/07\/Luis-Sandrini.jpg 295w\" sizes=\"auto, (max-width: 229px) 100vw, 229px\" \/><\/a>En otro 5 de julio, pero de 1811, el Congreso proclama la independencia de Venezuela.<\/p>\n<p style=\"text-align: justify;\">1731- Ejecutado en Lima Jos\u00e9 de Antequera, fundador del movimiento sedicioso los \u00abcomuneros de Paraguay\u00bb.<\/p>\n<p style=\"text-align: justify;\">1807- Los brit\u00e1nicos sufren 3.000 bajas en el asalto a Buenos Aires y se comprometen a evacuar Montevideo.<\/p>\n<p style=\"text-align: justify;\">1835- Nace Cecil Rhodes, colonizador ingl\u00e9s de \u00c1frica del Sur.<\/p>\n<p style=\"text-align: justify;\">1915- Primera Guerra Mundial: Los italianos son derrotados cerca de Gradisca y Girizia.<\/p>\n<p style=\"text-align: justify;\">1919- Gobierno provisional en Per\u00fa bajo la Presidencia de Augusto B. Legu\u00eda.<\/p>\n<p style=\"text-align: justify;\">1926- Chile ocupa de nuevo las provincias de Tacna y Arica, sobre las que mantiene un litigio con Per\u00fa.<\/p>\n<p style=\"text-align: justify;\">1936- Nace James Alexander Mirrlees, economista ingl\u00e9s, Premio Nobel de 1996.<\/p>\n<p style=\"text-align: justify;\">1941- Parte de Espa\u00f1a la Divisi\u00f3n Azul, grupo de voluntarios que form\u00f3 parte del Ej\u00e9rcito alem\u00e1n en la Segunda Guerra Mundial.<\/p>\n<p style=\"text-align: justify;\">1945- Segunda Guerra Mundial: El Ej\u00e9rcito sovi\u00e9tico se retira de Checoslovaquia y Polonia.<\/p>\n<p style=\"text-align: justify;\">1948- Muere Georges Bernanos, escritor franc\u00e9s.<\/p>\n<p style=\"text-align: justify;\">1950- Canonizada por P\u00edo XII la beata ecuatoriana Mariana de Jes\u00fas Paredes y Flores (Quito, 1618-1645).<\/p>\n<p style=\"text-align: justify;\">1952- El Senado argentino aprueba el proyecto de ley para erigir monumentos a Eva Duarte de Per\u00f3n en Buenos Aires y otras ciudades de Argentina.<\/p>\n<p style=\"text-align: justify;\">1959- Dimisi\u00f3n del presidente israel\u00ed David Ben Guri\u00f3n, a ra\u00edz de la crisis de los env\u00edos de armas desde RFA, aunque su renuncia definitiva se produjo en 1963.<\/p>\n<p style=\"text-align: justify;\">1961- Joaqu\u00edn Balaguer preside un nuevo Gobierno en Rep\u00fablica Dominicana.<\/p>\n<p style=\"text-align: justify;\">1969- Muere J. Guillermo A. Divito, dibujante y humorista argentino.<\/p>\n<p style=\"text-align: justify;\">1970- Luis Echevarr\u00eda, elegido presidente de M\u00e9xico.<\/p>\n<p style=\"text-align: justify;\">1973- El Gobierno uruguayo decreta la supresi\u00f3n del derecho de huelga.<\/p>\n<p style=\"text-align: justify;\">1977- Tras un golpe de Estado incruento, Zia Ul-Haq asume el poder en Pakist\u00e1n y el primer ministro Ali Bhutto es puesto bajo arresto domiciliario.<\/p>\n<p style=\"text-align: justify;\">1980- Muere Luis Sandrini, actor argentino.<\/p>\n<p style=\"text-align: justify;\">1986- El cosmonauta sovi\u00e9tico Leonid Kizim establece una nueva plusmarca tras permanecer 364 d\u00edas en el espacio.<\/p>\n<p style=\"text-align: justify;\">1988- El S\u00ednodo de la Iglesia Anglicana aprueba la ordenaci\u00f3n de mujeres sacerdotes.<\/p>\n<p style=\"text-align: justify;\">1989- Muere Ernesto Halffter, compositor espa\u00f1ol.<\/p>\n<p style=\"text-align: justify;\">1991- El presidente de Colombia, C\u00e9sar Gaviria, levanta el estado de excepci\u00f3n impuesto desde 1984.<\/p>\n<p style=\"text-align: justify;\">1992- Sixto Dur\u00e1n Ball\u00e9n (Partido Unidad Republicana), elegido presidente de Ecuador con el 51% de los votos.<\/p>\n<p style=\"text-align: justify;\">1995- Muere Irene Guti\u00e9rrez Caba, actriz espa\u00f1ola.<\/p>\n<p style=\"text-align: justify;\">2000- EEUU ratifica dos protocolos de la Convenci\u00f3n de la ONU sobre los Derechos del Ni\u00f1o (1989) relativos a la participaci\u00f3n de ni\u00f1os en las guerras y la venta de menores, la pornograf\u00eda y la prostituci\u00f3n infantil.<\/p>\n<p style=\"text-align: justify;\">2001- La fiscal anticorrupci\u00f3n de Per\u00fa, Ana Cecilia Magallanes, denuncia penalmente a 19 exfuncionarios del r\u00e9gimen Fujimori, por delitos de peculado, abuso de autoridad y asociaci\u00f3n il\u00edcita para delinquir.<\/p>\n<p style=\"text-align: justify;\">2002- La Comunidad Caribe\u00f1a CARICOM concluye su XXIII cumbre con la incorporaci\u00f3n de Hait\u00ed como miembro de pleno derecho.<\/p>\n<p style=\"text-align: justify;\">2004- La Corte Interamericana de Derechos Humanos condena a Colombia a indemnizar con 6,5 millones de d\u00f3lares a los familiares de 19 comerciantes asesinados por paramilitares en Puerto Boyac\u00e1 en octubre de 1987.<\/p>\n<p style=\"text-align: justify;\">2005- Per\u00fa acuerda con el Club de Par\u00eds un pago adelantado de 1.550 millones de d\u00f3lares como parte de su deuda p\u00fablica.<\/p>\n<p style=\"text-align: justify;\">2007- Millones de colombianos, encabezados por su presidente \u00c1lvaro Uribe, se manifiestan en el pa\u00eds para exigir a los grupos armados la liberaci\u00f3n de todos los secuestrados.<\/p>\n<p style=\"text-align: justify;\">2007- El egipcio Ayman al Zawahiri, \u00abn\u00famero dos\u00bb de Al Qaeda, hace un nuevo llamamiento para atacar intereses occidentales y jud\u00edos en el mundo.<\/p>\n<p style=\"text-align: justify;\">2007- Muere Jim Bohlen, estadounidense cofundador de Greenpeace.<\/p>\n<p style=\"text-align: justify;\">2009- El opositor Partido Revolucionario Institucional (PRI) de M\u00e9xico logra la victoria en las elecciones para la C\u00e1mara de Diputados.<\/p>\n","protected":false},"excerpt":{"rendered":"<p>En otro 5 de julio, pero de 1811, el Congreso proclama la independencia de Venezuela. 1731- Ejecutado en Lima Jos\u00e9 de Antequera, fundador del movimiento sedicioso los \u00abcomuneros de Paraguay\u00bb. 1807- Los brit\u00e1nicos sufren 3.000 bajas en el asalto a Buenos Aires y se comprometen a evacuar Montevideo. 1835- Nace Cecil Rhodes, colonizador ingl\u00e9s de&hellip;<\/p>\n","protected":false},"author":1,"featured_media":0,"comment_status":"open","ping_status":"open","sticky":false,"template":"","format":"standard","meta":{"footnotes":""},"categories":[14],"tags":[],"class_list":["post-35879","post","type-post","status-publish","format-standard","hentry","category-efemerides"],"_links":{"self":[{"href":"https:\/\/www.elsindical.com.ar\/notas\/wp-json\/wp\/v2\/posts\/35879","targetHints":{"allow":["GET"]}}],"collection":[{"href":"https:\/\/www.elsindical.com.ar\/notas\/wp-json\/wp\/v2\/posts"}],"about":[{"href":"https:\/\/www.elsindical.com.ar\/notas\/wp-json\/wp\/v2\/types\/post"}],"author":[{"embeddable":true,"href":"https:\/\/www.elsindical.com.ar\/notas\/wp-json\/wp\/v2\/users\/1"}],"replies":[{"embeddable":true,"href":"https:\/\/www.elsindical.com.ar\/notas\/wp-json\/wp\/v2\/comments?post=35879"}],"version-history":[{"count":1,"href":"https:\/\/www.elsindical.com.ar\/notas\/wp-json\/wp\/v2\/posts\/35879\/revisions"}],"predecessor-version":[{"id":35881,"href":"https:\/\/www.elsindical.com.ar\/notas\/wp-json\/wp\/v2\/posts\/35879\/revisions\/35881"}],"wp:attachment":[{"href":"https:\/\/www.elsindical.com.ar\/notas\/wp-json\/wp\/v2\/media?parent=35879"}],"wp:term":[{"taxonomy":"category","embeddable":true,"href":"https:\/\/www.elsindical.com.ar\/notas\/wp-json\/wp\/v2\/categories?post=35879"},{"taxonomy":"post_tag","embeddable":true,"href":"https:\/\/www.elsindical.com.ar\/notas\/wp-json\/wp\/v2\/tags?post=35879"}],"curies":[{"name":"wp","href":"https:\/\/api.w.org\/{rel}","templated":true}]}}