{"id":35844,"date":"2013-07-04T10:13:27","date_gmt":"2013-07-04T13:13:27","guid":{"rendered":"http:\/\/www.elsindical.com.ar\/notas\/?p=35844"},"modified":"2013-07-04T10:13:27","modified_gmt":"2013-07-04T13:13:27","slug":"convirtieron-en-ley-el-registro-de-adn-para-violadores","status":"publish","type":"post","link":"https:\/\/www.elsindical.com.ar\/notas\/convirtieron-en-ley-el-registro-de-adn-para-violadores\/","title":{"rendered":"Convirtieron en ley el registro de ADN para violadores"},"content":{"rendered":"<p style=\"text-align: justify;\"><em><a href=\"http:\/\/www.elsindical.com.ar\/notas\/var\/www\/html\/notas\/wp-content\/uploads\/2010\/04\/C\u00e1mara-de-diputados1.jpg\"><img loading=\"lazy\" decoding=\"async\" class=\"alignleft size-full wp-image-5750\" alt=\"C\u00e1mara-de-diputados\" src=\"http:\/\/www.elsindical.com.ar\/notas\/var\/www\/html\/notas\/wp-content\/uploads\/2010\/04\/C\u00e1mara-de-diputados1.jpg\" width=\"255\" height=\"141\" \/><\/a>Casi de forma un\u00e1nime, los diputados sancionaron la normativa que crear\u00e1 una base de datos para poder esclarecer m\u00e1s r\u00e1pidamente las causas por delitos de abuso sexual.<\/em><\/p>\n<p style=\"text-align: justify;\">Finalmente, y por 211 votos a favor y uno solo en contra, el proyecto de ley que busca crear un <b>banco de datos gen\u00e9ticos para violadores<\/b> fue sancionado este mi\u00e9rcoles en la C\u00e1mara de Diputados.<\/p>\n<p style=\"text-align: justify;\">El \u00fanico voto en contra provino de la monobloquista Marcela Rodr\u00edguez. La normativa tendr\u00e1 como objetivo principal <b>facilitar el esclarecimiento de los casos que sean objeto de una investigaci\u00f3n judicial<\/b> vinculada a delitos de violaci\u00f3n.<\/p>\n<p style=\"text-align: justify;\">\u00a0De esta manera<b>, se crear\u00e1 un registro de los datos gen\u00e9ticos de aquellos que fueron condenados con sentencia firme por abuso sexual<\/b>, pero tambi\u00e9n habr\u00e1 fotograf\u00edas actualizadas de los criminales junto con el domicilio actual y de traslado.<\/p>\n<p style=\"text-align: justify;\">Adem\u00e1s, <b>se almacenar\u00e1n las muestras obtenidas de las mismas v\u00edctimas<\/b> para darle un mayor seguimiento a los casos, aunque todos los datos ser\u00e1n de car\u00e1cter reservado y permanecer\u00e1n en el \u00e1mbito del Ministerio de Justicia y Derechos Humanos de la Naci\u00f3n.<\/p>\n<p style=\"text-align: justify;\">No obstante, la informaci\u00f3n <b>ser\u00e1 dada de baja reci\u00e9n cuando pasen 100 a\u00f1os<\/b> desde el inicio de la causa, ya que \u00abno rigen a este respecto los plazos de caducidad establecidos por el C\u00f3digo Penal\u00bb.<\/p>\n","protected":false},"excerpt":{"rendered":"<p>Casi de forma un\u00e1nime, los diputados sancionaron la normativa que crear\u00e1 una base de datos para poder esclarecer m\u00e1s r\u00e1pidamente las causas por delitos de abuso sexual. Finalmente, y por 211 votos a favor y uno solo en contra, el proyecto de ley que busca crear un banco de datos gen\u00e9ticos para violadores fue sancionado&hellip;<\/p>\n","protected":false},"author":1,"featured_media":0,"comment_status":"open","ping_status":"open","sticky":false,"template":"","format":"standard","meta":{"footnotes":""},"categories":[13],"tags":[4553,4787,1125,4554,1692],"class_list":["post-35844","post","type-post","status-publish","format-standard","hentry","category-politica","tag-camara-de-diputados","tag-codigo-penal","tag-registro","tag-sancion","tag-violadores"],"_links":{"self":[{"href":"https:\/\/www.elsindical.com.ar\/notas\/wp-json\/wp\/v2\/posts\/35844","targetHints":{"allow":["GET"]}}],"collection":[{"href":"https:\/\/www.elsindical.com.ar\/notas\/wp-json\/wp\/v2\/posts"}],"about":[{"href":"https:\/\/www.elsindical.com.ar\/notas\/wp-json\/wp\/v2\/types\/post"}],"author":[{"embeddable":true,"href":"https:\/\/www.elsindical.com.ar\/notas\/wp-json\/wp\/v2\/users\/1"}],"replies":[{"embeddable":true,"href":"https:\/\/www.elsindical.com.ar\/notas\/wp-json\/wp\/v2\/comments?post=35844"}],"version-history":[{"count":1,"href":"https:\/\/www.elsindical.com.ar\/notas\/wp-json\/wp\/v2\/posts\/35844\/revisions"}],"predecessor-version":[{"id":35845,"href":"https:\/\/www.elsindical.com.ar\/notas\/wp-json\/wp\/v2\/posts\/35844\/revisions\/35845"}],"wp:attachment":[{"href":"https:\/\/www.elsindical.com.ar\/notas\/wp-json\/wp\/v2\/media?parent=35844"}],"wp:term":[{"taxonomy":"category","embeddable":true,"href":"https:\/\/www.elsindical.com.ar\/notas\/wp-json\/wp\/v2\/categories?post=35844"},{"taxonomy":"post_tag","embeddable":true,"href":"https:\/\/www.elsindical.com.ar\/notas\/wp-json\/wp\/v2\/tags?post=35844"}],"curies":[{"name":"wp","href":"https:\/\/api.w.org\/{rel}","templated":true}]}}