{"id":35831,"date":"2013-07-03T22:43:16","date_gmt":"2013-07-04T01:43:16","guid":{"rendered":"http:\/\/www.elsindical.com.ar\/notas\/?p=35831"},"modified":"2013-07-04T17:10:27","modified_gmt":"2013-07-04T20:10:27","slug":"visitamos-al-comedor-pancita-llena-corazon-contento","status":"publish","type":"post","link":"https:\/\/www.elsindical.com.ar\/notas\/visitamos-al-comedor-pancita-llena-corazon-contento\/","title":{"rendered":"Visitamos al comedor Pancita llena coraz\u00f3n contento"},"content":{"rendered":"<p style=\"text-align: justify;\"><a href=\"http:\/\/www.elsindical.com.ar\/notas\/var\/www\/html\/notas\/wp-content\/uploads\/2013\/07\/comedor-pancita-llena-coraz\u00f3n-contento.jpg\"><img loading=\"lazy\" decoding=\"async\" class=\"alignleft size-medium wp-image-35832\" alt=\"comedor-pancita-llena,-coraz\u00f3n-contento\" src=\"http:\/\/www.elsindical.com.ar\/notas\/var\/www\/html\/notas\/wp-content\/uploads\/2013\/07\/comedor-pancita-llena-coraz\u00f3n-contento-200x300.jpg\" width=\"200\" height=\"300\" srcset=\"https:\/\/www.elsindical.com.ar\/notas\/var\/www\/html\/notas\/wp-content\/uploads\/2013\/07\/comedor-pancita-llena-coraz\u00f3n-contento-200x300.jpg 200w, https:\/\/www.elsindical.com.ar\/notas\/var\/www\/html\/notas\/wp-content\/uploads\/2013\/07\/comedor-pancita-llena-coraz\u00f3n-contento.jpg 531w\" sizes=\"auto, (max-width: 200px) 100vw, 200px\" \/><\/a>Entrevista a Marcela Ver\u00f3nica Morales\u00a0responsable del Comedor y Merendero Pancita Llena, Coraz\u00f3n Contento de la calle Brandsen 740, del barrio de La Boca, ciudad de Buenos Aires, brinda almuerzo y merienda a m\u00e1s de 30 ni\u00f1os y adolescentes, cuenta con clases de apoyo escolar, talleres y un micro emprendimiento de peluquer\u00eda para las mam\u00e1s de los chicos.<\/p>\n<p style=\"text-align: justify;\">En el COMEDOR se sirve almuerzo y merienda a unos 30 chicos. A su vez reciben APOYO ESCOLAR y CLASES DE INGL\u00c9S. Cuenta con 3 importantes emprendimientos: la panader\u00eda, la peluquer\u00eda y la murga.<\/p>\n<p style=\"text-align: justify;\">\u2665 En la PANADER\u00cdA trabajan 4 mam\u00e1s y un aprendiz del oficio, en ella se elaboran pan, pastafrola y un mont\u00f3n de cosas ricas que se salen a vender por Caminito para sustentar los gastos del Comedor.<\/p>\n<p style=\"text-align: justify;\">\u2665 La PELUQUER\u00cdA\u00a0 est\u00e1 a cargo de 2 mam\u00e1s que est\u00e1n estudiando para luego poder ense\u00f1ar a las dem\u00e1s mam\u00e1s el oficio. Se ofrecen los servicios al p\u00fablico con un peque\u00f1\u00edsimo arancel a fin de poder comprar los insumos que se utilizan en la misma.<\/p>\n<p style=\"text-align: justify;\">\u2665 La MURGA, funciona durante los meses de verano, son los mismos chicos los que montan el espect\u00e1culo y pasean por la calles de la Boca pasando la gorra. El dinero obtenido se utiliza en la compra de \u00fatiles escolares, prepar\u00e1ndose para el inicio de las clases.<\/p>\n<div>\n<div>Informaci\u00f3n General<\/div>\n<div><\/div>\n<div id=\"id_51d4cd50135309214402956\" style=\"text-align: justify;\">El comedor funciona\u00a0 de lunes a viernes. Se da merienda todos los d\u00edas y almuerzo 2 veces por semana. \u00abPancita llena, Coraz\u00f3n Contento\u00bb, no recibe subsidios. Depende del dinero que puede recolectar con sus emprendimientos y de las donaciones de todos los amigos solidarios. Agradecemos la colaboraci\u00f3n de todos!!! Se necesita permanentemente:<\/div>\n<div style=\"text-align: justify;\">\u25baAlimentos no perecederos.<\/div>\n<div style=\"text-align: justify;\">\u25baHarina y az\u00facar<\/div>\n<div style=\"text-align: justify;\">\u25baGolosinas y juguetes<\/div>\n<div style=\"text-align: justify;\">\u25ba\u00datiles escolares<\/div>\n<div style=\"text-align: justify;\">\u25baElementos e insumos de Peluquer\u00eda MUCHAS GRACIAS!!!!<\/div>\n<\/div>\n<p style=\"text-align: justify;\">Solicita la donaci\u00f3n de un heladera con freezer en buen estado para el equipamiento del comedor.<\/p>\n<p style=\"text-align: justify;\">Los que deseen colabora pueden comunicarse con Marcela, al tel.: (011) 4303-3296, Facebook: <a href=\"https:\/\/www.facebook.com\/ComedorPancitallenaCorazoncontento\">ComedorPancitallenaCorazoncontento<\/a><\/p>\n<p><iframe loading=\"lazy\" src=\"\/\/www.youtube.com\/embed\/0_B_yDmf-Mo\" height=\"515\" width=\"580\" allowfullscreen=\"\" frameborder=\"0\"><\/iframe><iframe loading=\"lazy\" src=\"http:\/\/www.ivoox.com\/player_ej_2186755_1.html\" height=\"120\" width=\"100%\" allowfullscreen=\"\" frameborder=\"0\" scrolling=\"no\"><\/iframe><\/p>\n","protected":false},"excerpt":{"rendered":"<p>Entrevista a Marcela Ver\u00f3nica Morales\u00a0responsable del Comedor y Merendero Pancita Llena, Coraz\u00f3n Contento de la calle Brandsen 740, del barrio de La Boca, ciudad de Buenos Aires, brinda almuerzo y merienda a m\u00e1s de 30 ni\u00f1os y adolescentes, cuenta con clases de apoyo escolar, talleres y un micro emprendimiento de peluquer\u00eda para las mam\u00e1s de&hellip;<\/p>\n","protected":false},"author":1,"featured_media":0,"comment_status":"open","ping_status":"open","sticky":false,"template":"","format":"standard","meta":{"footnotes":""},"categories":[26],"tags":[1118,99,1635,12580,2433,16517,15710,15628],"class_list":["post-35831","post","type-post","status-publish","format-standard","hentry","category-solidaridad","tag-alimentos","tag-chicos","tag-comedor","tag-donaciones","tag-la-boca","tag-marcela-veronica-morales","tag-sandra-rodriguez-orfila","tag-si-se-puede"],"_links":{"self":[{"href":"https:\/\/www.elsindical.com.ar\/notas\/wp-json\/wp\/v2\/posts\/35831","targetHints":{"allow":["GET"]}}],"collection":[{"href":"https:\/\/www.elsindical.com.ar\/notas\/wp-json\/wp\/v2\/posts"}],"about":[{"href":"https:\/\/www.elsindical.com.ar\/notas\/wp-json\/wp\/v2\/types\/post"}],"author":[{"embeddable":true,"href":"https:\/\/www.elsindical.com.ar\/notas\/wp-json\/wp\/v2\/users\/1"}],"replies":[{"embeddable":true,"href":"https:\/\/www.elsindical.com.ar\/notas\/wp-json\/wp\/v2\/comments?post=35831"}],"version-history":[{"count":5,"href":"https:\/\/www.elsindical.com.ar\/notas\/wp-json\/wp\/v2\/posts\/35831\/revisions"}],"predecessor-version":[{"id":35855,"href":"https:\/\/www.elsindical.com.ar\/notas\/wp-json\/wp\/v2\/posts\/35831\/revisions\/35855"}],"wp:attachment":[{"href":"https:\/\/www.elsindical.com.ar\/notas\/wp-json\/wp\/v2\/media?parent=35831"}],"wp:term":[{"taxonomy":"category","embeddable":true,"href":"https:\/\/www.elsindical.com.ar\/notas\/wp-json\/wp\/v2\/categories?post=35831"},{"taxonomy":"post_tag","embeddable":true,"href":"https:\/\/www.elsindical.com.ar\/notas\/wp-json\/wp\/v2\/tags?post=35831"}],"curies":[{"name":"wp","href":"https:\/\/api.w.org\/{rel}","templated":true}]}}