{"id":3571,"date":"2010-02-12T10:44:10","date_gmt":"2010-02-12T13:44:10","guid":{"rendered":"http:\/\/www.elsindical.com.ar\/notas\/?p=3571"},"modified":"2010-02-12T10:44:10","modified_gmt":"2010-02-12T13:44:10","slug":"denunciaron-a-diana-conti-por-su-stalinismo-confesado-en-programa-televisivo","status":"publish","type":"post","link":"https:\/\/www.elsindical.com.ar\/notas\/denunciaron-a-diana-conti-por-su-stalinismo-confesado-en-programa-televisivo\/","title":{"rendered":"Denunciaron a Diana Conti por su \u00abstalinismo\u00bb confesado en programa televisivo"},"content":{"rendered":"<p style=\"text-align: justify;\"><em><a href=\"http:\/\/www.elsindical.com.ar\/notas\/var\/www\/html\/notas\/wp-content\/uploads\/2010\/02\/Diana-Conti-despacho.jpg\"><img loading=\"lazy\" decoding=\"async\" class=\"alignleft size-full wp-image-3572\" title=\"Diana-Conti-despacho\" src=\"http:\/\/www.elsindical.com.ar\/notas\/var\/www\/html\/notas\/wp-content\/uploads\/2010\/02\/Diana-Conti-despacho.jpg\" alt=\"\" width=\"255\" height=\"175\" \/><\/a>Sus dichos en el programa de Alfredo Leuco y Pepe Eliaschev le valieron una denuncia. Apolog\u00eda del delito violaci\u00f3n de la ley de \u00c9tica en la Funci\u00f3n P\u00fablica.<\/em><\/p>\n<p style=\"text-align: justify;\">El haberse <strong>reconocido \u00abstalinista\u00bb le vali\u00f3 a la diputada oficialista Diana Conti una denuncia en su contra<\/strong> <strong>.<\/strong> Este jueves, el abogado porte\u00f1o Enrique Piragini la acus\u00f3 por apolog\u00eda del delito y por violaci\u00f3n a la ley de \u00c9tica en la Funci\u00f3n P\u00fablica por haberse alineado al l\u00edder sovi\u00e9tico, que dirigi\u00f3 los destinos de la URSS entre 1922 y 1953.<\/p>\n<p>En su argumento, el letrado consider\u00f3 que <strong>\u201cla inconducta de Conti implica una clara provocaci\u00f3n y desprecio por la vida democr\u00e1tica y merece el reproche moral y judicial<\/strong>, por lo que se exige una investigaci\u00f3n tendiente a determinar su responsabilidad penal\u201d, justifica en su escrito.<\/p>\n<p>Los dichos de Conti despertaron el repudio, incluso hac\u00eda el interior del kirchnerismo. Uno de los fundadores de Carta Abierta, el fil\u00f3sofo Ricardo Forster, reconoci\u00f3 que el \u00abstalinismo equivale a burocracia, dogmatismo, ceguera, terrorismo ideol\u00f3gico y censura, y por eso en mi opini\u00f3n s\u00f3lo puede ser repudiado\u00bb.<\/p>\n","protected":false},"excerpt":{"rendered":"<p>Sus dichos en el programa de Alfredo Leuco y Pepe Eliaschev le valieron una denuncia. Apolog\u00eda del delito violaci\u00f3n de la ley de \u00c9tica en la Funci\u00f3n P\u00fablica. El haberse reconocido \u00abstalinista\u00bb le vali\u00f3 a la diputada oficialista Diana Conti una denuncia en su contra . Este jueves, el abogado porte\u00f1o Enrique Piragini la acus\u00f3&hellip;<\/p>\n","protected":false},"author":1,"featured_media":0,"comment_status":"open","ping_status":"open","sticky":false,"template":"","format":"standard","meta":{"footnotes":""},"categories":[6],"tags":[1867,178,1864,679,1868,1863,1865,1866],"class_list":["post-3571","post","type-post","status-publish","format-standard","hentry","category-denuncias","tag-alfredo-leuco","tag-diana-conti","tag-enrique-piragini","tag-kirchnerismo","tag-pepe-eliaschev","tag-programa","tag-stalin","tag-stalinismo"],"_links":{"self":[{"href":"https:\/\/www.elsindical.com.ar\/notas\/wp-json\/wp\/v2\/posts\/3571","targetHints":{"allow":["GET"]}}],"collection":[{"href":"https:\/\/www.elsindical.com.ar\/notas\/wp-json\/wp\/v2\/posts"}],"about":[{"href":"https:\/\/www.elsindical.com.ar\/notas\/wp-json\/wp\/v2\/types\/post"}],"author":[{"embeddable":true,"href":"https:\/\/www.elsindical.com.ar\/notas\/wp-json\/wp\/v2\/users\/1"}],"replies":[{"embeddable":true,"href":"https:\/\/www.elsindical.com.ar\/notas\/wp-json\/wp\/v2\/comments?post=3571"}],"version-history":[{"count":1,"href":"https:\/\/www.elsindical.com.ar\/notas\/wp-json\/wp\/v2\/posts\/3571\/revisions"}],"predecessor-version":[{"id":3573,"href":"https:\/\/www.elsindical.com.ar\/notas\/wp-json\/wp\/v2\/posts\/3571\/revisions\/3573"}],"wp:attachment":[{"href":"https:\/\/www.elsindical.com.ar\/notas\/wp-json\/wp\/v2\/media?parent=3571"}],"wp:term":[{"taxonomy":"category","embeddable":true,"href":"https:\/\/www.elsindical.com.ar\/notas\/wp-json\/wp\/v2\/categories?post=3571"},{"taxonomy":"post_tag","embeddable":true,"href":"https:\/\/www.elsindical.com.ar\/notas\/wp-json\/wp\/v2\/tags?post=3571"}],"curies":[{"name":"wp","href":"https:\/\/api.w.org\/{rel}","templated":true}]}}