{"id":35594,"date":"2013-06-21T00:40:21","date_gmt":"2013-06-21T03:40:21","guid":{"rendered":"http:\/\/www.elsindical.com.ar\/notas\/?p=35594"},"modified":"2013-06-21T00:40:21","modified_gmt":"2013-06-21T03:40:21","slug":"retirogrua-cae-al-vacio-en-pleno-centro","status":"publish","type":"post","link":"https:\/\/www.elsindical.com.ar\/notas\/retirogrua-cae-al-vacio-en-pleno-centro\/","title":{"rendered":"Retiro:Gr\u00faa cae al vac\u00edo en pleno centro"},"content":{"rendered":"<p style=\"text-align: justify;\"><em><a href=\"http:\/\/www.elsindical.com.ar\/notas\/var\/www\/html\/notas\/wp-content\/uploads\/2013\/06\/gr\u00faa-volcada.jpg\"><img loading=\"lazy\" decoding=\"async\" class=\"alignleft size-medium wp-image-35595\" alt=\"gr\u00faa-volcada\" src=\"http:\/\/www.elsindical.com.ar\/notas\/var\/www\/html\/notas\/wp-content\/uploads\/2013\/06\/gr\u00faa-volcada-300x170.jpg\" width=\"300\" height=\"170\" srcset=\"https:\/\/www.elsindical.com.ar\/notas\/var\/www\/html\/notas\/wp-content\/uploads\/2013\/06\/gr\u00faa-volcada-300x170.jpg 300w, https:\/\/www.elsindical.com.ar\/notas\/var\/www\/html\/notas\/wp-content\/uploads\/2013\/06\/gr\u00faa-volcada-500x283.jpg 500w, https:\/\/www.elsindical.com.ar\/notas\/var\/www\/html\/notas\/wp-content\/uploads\/2013\/06\/gr\u00faa-volcada.jpg 502w\" sizes=\"auto, (max-width: 300px) 100vw, 300px\" \/><\/a>Sucedi\u00f3 en la esquina de Alem y C\u00f3rdoba. Personal del SAME, de la Polic\u00eda\u00a0 y de Bomberos trabajaba en el lugar.<\/em><\/p>\n<p style=\"text-align: justify;\">Una gr\u00faa cay\u00f3 dentro de un pozo en la esquina de <b>Alem y C\u00f3rdoba<\/b>, en Retiro, y ocasion\u00f3 que el operario que manejaba la m\u00e1quina resultara herido y fuera trasladado a un nosocomio, aunque est\u00e1 fuera de peligro.<\/p>\n<p style=\"text-align: justify;\">En el lugar trabajaban personal de Bomberos , de la Polic\u00eda y del SAME. Por fortuna, y debido a que al ser feriado no hab\u00eda mucha gente transitando por la zona, <b>el hecho no provoc\u00f3 una tragedia<\/b>.<\/p>\n<p style=\"text-align: justify;\">La gr\u00faa, de <b>14 toneladas<\/b>, volc\u00f3 tras caer en un pozo de una obra en construcci\u00f3n. Aparentemente, el hecho se habr\u00eda producido tras realizar una mala maniobra en la distribuci\u00f3n del peso de la maquinaria.<\/p>\n","protected":false},"excerpt":{"rendered":"<p>Sucedi\u00f3 en la esquina de Alem y C\u00f3rdoba. Personal del SAME, de la Polic\u00eda\u00a0 y de Bomberos trabajaba en el lugar. Una gr\u00faa cay\u00f3 dentro de un pozo en la esquina de Alem y C\u00f3rdoba, en Retiro, y ocasion\u00f3 que el operario que manejaba la m\u00e1quina resultara herido y fuera trasladado a un nosocomio, aunque&hellip;<\/p>\n","protected":false},"author":1,"featured_media":0,"comment_status":"open","ping_status":"open","sticky":false,"template":"","format":"standard","meta":{"footnotes":""},"categories":[25],"tags":[1369,4648,148,30,3302,2499],"class_list":["post-35594","post","type-post","status-publish","format-standard","hentry","category-sociedad","tag-bomberos","tag-grua","tag-herido","tag-policia","tag-recoleta","tag-same"],"_links":{"self":[{"href":"https:\/\/www.elsindical.com.ar\/notas\/wp-json\/wp\/v2\/posts\/35594","targetHints":{"allow":["GET"]}}],"collection":[{"href":"https:\/\/www.elsindical.com.ar\/notas\/wp-json\/wp\/v2\/posts"}],"about":[{"href":"https:\/\/www.elsindical.com.ar\/notas\/wp-json\/wp\/v2\/types\/post"}],"author":[{"embeddable":true,"href":"https:\/\/www.elsindical.com.ar\/notas\/wp-json\/wp\/v2\/users\/1"}],"replies":[{"embeddable":true,"href":"https:\/\/www.elsindical.com.ar\/notas\/wp-json\/wp\/v2\/comments?post=35594"}],"version-history":[{"count":1,"href":"https:\/\/www.elsindical.com.ar\/notas\/wp-json\/wp\/v2\/posts\/35594\/revisions"}],"predecessor-version":[{"id":35596,"href":"https:\/\/www.elsindical.com.ar\/notas\/wp-json\/wp\/v2\/posts\/35594\/revisions\/35596"}],"wp:attachment":[{"href":"https:\/\/www.elsindical.com.ar\/notas\/wp-json\/wp\/v2\/media?parent=35594"}],"wp:term":[{"taxonomy":"category","embeddable":true,"href":"https:\/\/www.elsindical.com.ar\/notas\/wp-json\/wp\/v2\/categories?post=35594"},{"taxonomy":"post_tag","embeddable":true,"href":"https:\/\/www.elsindical.com.ar\/notas\/wp-json\/wp\/v2\/tags?post=35594"}],"curies":[{"name":"wp","href":"https:\/\/api.w.org\/{rel}","templated":true}]}}