{"id":35511,"date":"2013-06-18T08:44:52","date_gmt":"2013-06-18T11:44:52","guid":{"rendered":"http:\/\/www.elsindical.com.ar\/notas\/?p=35511"},"modified":"2013-06-18T08:44:52","modified_gmt":"2013-06-18T11:44:52","slug":"escobarsigue-la-busqueda-desesperada-de-una-joven","status":"publish","type":"post","link":"https:\/\/www.elsindical.com.ar\/notas\/escobarsigue-la-busqueda-desesperada-de-una-joven\/","title":{"rendered":"Escobar:Sigue la b\u00fasqueda desesperada de una joven"},"content":{"rendered":"<p style=\"text-align: justify;\"><em><a href=\"http:\/\/www.elsindical.com.ar\/notas\/var\/www\/html\/notas\/wp-content\/uploads\/2013\/06\/Camila-Rajoy.jpg\"><img loading=\"lazy\" decoding=\"async\" class=\"alignleft size-medium wp-image-35512\" alt=\"Camila-Rajoy\" src=\"http:\/\/www.elsindical.com.ar\/notas\/var\/www\/html\/notas\/wp-content\/uploads\/2013\/06\/Camila-Rajoy-300x197.jpg\" width=\"300\" height=\"197\" srcset=\"https:\/\/www.elsindical.com.ar\/notas\/var\/www\/html\/notas\/wp-content\/uploads\/2013\/06\/Camila-Rajoy-300x197.jpg 300w, https:\/\/www.elsindical.com.ar\/notas\/var\/www\/html\/notas\/wp-content\/uploads\/2013\/06\/Camila-Rajoy-456x300.jpg 456w, https:\/\/www.elsindical.com.ar\/notas\/var\/www\/html\/notas\/wp-content\/uploads\/2013\/06\/Camila-Rajoy.jpg 531w\" sizes=\"auto, (max-width: 300px) 100vw, 300px\" \/><\/a>Camila Rajoy permanece desaparecida hace m\u00e1s de una semana. La familia de la joven de 15 a\u00f1os no tiene noticias y pide ayuda para encontrar a la menor.<\/em><\/p>\n<p style=\"text-align: justify;\">Contin\u00faa la b\u00fasqueda desesperada de Camila Rajoy, la joven de 15 a\u00f1os que desapareci\u00f3 hace una semana en Escobar.<\/p>\n<p>Sus familiares piden ayuda para encontrar a la joven, de quien no tienen noticias.<\/p>\n<p>\u00abCuando iba a ir al colegio me dijo &#8216;te amo, mam\u00e1'\u00bb, relat\u00f3 Mar\u00eda Concepci\u00f3n Rajoy, madre de Camila, en un di\u00e1logo radial. La familiar record\u00f3 que ese d\u00eda ella ten\u00eda una reuni\u00f3n de padres, donde le consultaron si su hija estaba enferma porque no hab\u00eda ido al colegio.<\/p>\n<p>Camila ten\u00eda una calza negra, un borcego, un guardapolvos y una campera Adidas negra. La chica ten\u00eda cuatro cuentas de Facebook. \u00abNadie habla, nadie dice nada. Ya recorrimos con la polic\u00eda por las casas de las compa\u00f1eras de curso\u00bb, detallo la madre de la joven.<\/p>\n","protected":false},"excerpt":{"rendered":"<p>Camila Rajoy permanece desaparecida hace m\u00e1s de una semana. La familia de la joven de 15 a\u00f1os no tiene noticias y pide ayuda para encontrar a la menor. Contin\u00faa la b\u00fasqueda desesperada de Camila Rajoy, la joven de 15 a\u00f1os que desapareci\u00f3 hace una semana en Escobar. Sus familiares piden ayuda para encontrar a la&hellip;<\/p>\n","protected":false},"author":1,"featured_media":0,"comment_status":"open","ping_status":"open","sticky":false,"template":"","format":"standard","meta":{"footnotes":""},"categories":[26],"tags":[16427,973,1176,219,323],"class_list":["post-35511","post","type-post","status-publish","format-standard","hentry","category-solidaridad","tag-camila-rajoy","tag-desaparecida","tag-escobar","tag-facebook","tag-joven"],"_links":{"self":[{"href":"https:\/\/www.elsindical.com.ar\/notas\/wp-json\/wp\/v2\/posts\/35511","targetHints":{"allow":["GET"]}}],"collection":[{"href":"https:\/\/www.elsindical.com.ar\/notas\/wp-json\/wp\/v2\/posts"}],"about":[{"href":"https:\/\/www.elsindical.com.ar\/notas\/wp-json\/wp\/v2\/types\/post"}],"author":[{"embeddable":true,"href":"https:\/\/www.elsindical.com.ar\/notas\/wp-json\/wp\/v2\/users\/1"}],"replies":[{"embeddable":true,"href":"https:\/\/www.elsindical.com.ar\/notas\/wp-json\/wp\/v2\/comments?post=35511"}],"version-history":[{"count":2,"href":"https:\/\/www.elsindical.com.ar\/notas\/wp-json\/wp\/v2\/posts\/35511\/revisions"}],"predecessor-version":[{"id":35514,"href":"https:\/\/www.elsindical.com.ar\/notas\/wp-json\/wp\/v2\/posts\/35511\/revisions\/35514"}],"wp:attachment":[{"href":"https:\/\/www.elsindical.com.ar\/notas\/wp-json\/wp\/v2\/media?parent=35511"}],"wp:term":[{"taxonomy":"category","embeddable":true,"href":"https:\/\/www.elsindical.com.ar\/notas\/wp-json\/wp\/v2\/categories?post=35511"},{"taxonomy":"post_tag","embeddable":true,"href":"https:\/\/www.elsindical.com.ar\/notas\/wp-json\/wp\/v2\/tags?post=35511"}],"curies":[{"name":"wp","href":"https:\/\/api.w.org\/{rel}","templated":true}]}}