{"id":35429,"date":"2013-06-13T19:38:15","date_gmt":"2013-06-13T22:38:15","guid":{"rendered":"http:\/\/www.elsindical.com.ar\/notas\/?p=35429"},"modified":"2013-06-13T19:42:43","modified_gmt":"2013-06-13T22:42:43","slug":"avellanedaestuvimos-con-ulises-en-uno-de-los-playones-del-municipio","status":"publish","type":"post","link":"https:\/\/www.elsindical.com.ar\/notas\/avellanedaestuvimos-con-ulises-en-uno-de-los-playones-del-municipio\/","title":{"rendered":"Avellaneda:Estuvimos con Ulises en uno de los playones del municipio"},"content":{"rendered":"<p style=\"text-align: justify;\">\u00a0 <a href=\"http:\/\/www.elsindical.com.ar\/notas\/var\/www\/html\/notas\/wp-content\/uploads\/2013\/06\/Ulises-en-la-calleweb.jpg\"><img loading=\"lazy\" decoding=\"async\" class=\"alignleft size-medium wp-image-35432\" alt=\"Ulises-en-la-calleweb\" src=\"http:\/\/www.elsindical.com.ar\/notas\/var\/www\/html\/notas\/wp-content\/uploads\/2013\/06\/Ulises-en-la-calleweb-300x224.jpg\" width=\"300\" height=\"224\" srcset=\"https:\/\/www.elsindical.com.ar\/notas\/var\/www\/html\/notas\/wp-content\/uploads\/2013\/06\/Ulises-en-la-calleweb-300x224.jpg 300w, https:\/\/www.elsindical.com.ar\/notas\/var\/www\/html\/notas\/wp-content\/uploads\/2013\/06\/Ulises-en-la-calleweb-400x300.jpg 400w, https:\/\/www.elsindical.com.ar\/notas\/var\/www\/html\/notas\/wp-content\/uploads\/2013\/06\/Ulises-en-la-calleweb.jpg 502w\" sizes=\"auto, (max-width: 300px) 100vw, 300px\" \/><\/a>Hace ya un par de meses, los vecinos de Avellaneda, conocieron a Ulises, un muchacho que junto a su perro hab\u00eda quedado en la calle y que sobreviv\u00eda en la calle por la caridad de los vecinos. A todos los conmov\u00eda ese muchacho que no era criado en la calle\u00a0y la fidelidad mutua con su mascota.<\/p>\n<p style=\"text-align: justify;\">Su historia se hizo conocida por las redes sociales y si bien, fueron varias las personas que colaboraron con \u00e9l ya sea acerc\u00e1ndole alimentos, ropa o simplemente escuch\u00e1ndolo y tratando de difundir su historia, para que su desgracia no se tornara a\u00fan m\u00e1s tr\u00e1gica.<\/p>\n<p style=\"text-align: justify;\">El 17 de mayo, M\u00f3nica Miguez, publica en su muro, la historia de Ulises y su mascota, y en el muro del <a href=\"https:\/\/www.facebook.com\/forovecinalavellanedasegura\">Foro Vecinal Avellaneda Segura<\/a>, en la foto se lo ve desarreglado y en el relato cuenta que est\u00e1 preocupado porque personal de la Secretar\u00eda de Seguridad municipal le hab\u00edan advertido que deb\u00eda salir de la v\u00eda p\u00fablica y buscar refugio en otro lado. La fecha l\u00edmite que le hab\u00edan dado a Ulises era el 16 de mayo, y desde ese d\u00eda los vecinos indignados, estaban atentos a que nadie saque por la fuerza a ese muchacho que todos ayudaban y que no molestaba a nadie.<\/p>\n<p style=\"text-align: justify;\">Conocido el caso y alertadas las redes sociales de la situaci\u00f3n de Ulises, muchos comenzaron a reclamar que el municipio se haga cargo de Ulises, porque estaba solo y porque era muy educado, solo quer\u00eda un lugar para poder vivir junto a su perro.<\/p>\n<p style=\"text-align: justify;\">As\u00ed, Ulises que viv\u00eda en la intersecci\u00f3n de las calles,\u00a0 Mariano Acosta y Galicia, fue reubicado por una gesti\u00f3n de la delegada de Villa Porvenir y Pi\u00f1eyro, Ximena Yacoy, de esta manera Ulises se mud\u00f3 al play\u00f3n municipal de la Secretar\u00eda de Salud de Avellaneda a vivir en el tr\u00e1iler m\u00e9dico provisoriamente. Tambi\u00e9n para conocimiento de todos los que estaban preocupados por \u00e9l, el municipio le dio un trabajo en la secretaria y aguarda con ganas su primer sueldo.<\/p>\n<p style=\"text-align: justify;\">Hoy sus preocupaciones pasan por el que lo puedan ubicar en un lugar donde pueda ba\u00f1arse, un espacio donde dormir y vivir junto a su mascota, El Sindical, en representaci\u00f3n de la secci\u00f3n solidaridad y del <a href=\"http:\/\/sisepuedeavellaneda.blogspot.com.ar\/\">grupo solidario S\u00ed se puede<\/a>, entrevist\u00f3 a Ulises, se lo encontr\u00f3 con mejor aspecto, muy agradecido a las autoridades municipales por la asistencia que le han brindado, pero como mencion\u00e1bamos preocupado por su futuro inmediato, ya que el tr\u00e1iler de la Secretar\u00eda de Salud, debe salir a realizar su recorrido por los barrios del partido.<\/p>\n<p style=\"text-align: justify;\">Hoy Ulises necesita de todos para que no nos olvidemos de su historia, le ofrecimos ayudarlo con ropa, pero prefiri\u00f3 que lo ayuden a poder tener una cama propia y que el municipio contin\u00fae ayudando a alguien que solo quiere un trabajo estable para poder alquilar.<\/p>\n<p style=\"text-align: justify;\">No encontramos a Ulises como alguien dijo en las redes abandonado \u00e9l y su perro en un micro viejo, escondido, encontramos a un hombre golpeado por la vida y que quiere superar su realidad, hasta ahora la actuaci\u00f3n del municipio ha sido la correcta, esperamos puedan ubicarlo en un lugar que le permita vivir y dejar atr\u00e1s los d\u00edas en la calle.<\/p>\n<p style=\"text-align: justify;\">Si todos participamos, Ulises ser\u00e1 el mejor ejemplo de que entre todos los vecinos, se pueden hacer muchas cosas, solo hay que comprometerse y ser solidarios.<\/p>\n<p style=\"text-align: justify;\"><img loading=\"lazy\" decoding=\"async\" class=\"alignnone\" alt=\"\" src=\"https:\/\/m.ak.fbcdn.net\/sphotos-g.ak\/hphotos-ak-prn1\/1016585_10200747532066927_503614801_n.jpg\" width=\"960\" height=\"720\" \/><\/p>\n<p style=\"text-align: justify;\"><img loading=\"lazy\" decoding=\"async\" class=\"alignnone\" alt=\"\" src=\"https:\/\/m.ak.fbcdn.net\/sphotos-e.ak\/hphotos-ak-ash4\/1000045_10200747531746919_21604288_n.jpg\" width=\"960\" height=\"720\" \/><\/p>\n<p style=\"text-align: justify;\"><em><strong>Por Marcelo Ricardo Hawrylciw<\/strong><\/em><\/p>\n<p style=\"text-align: justify;\"><em><strong>Editor General Multimedio El Sindical<\/strong><\/em><\/p>\n<p style=\"text-align: justify;\"><em><strong><a href=\"http:\/\/www.elsindical.com.ar\">www.elsindical.com.ar<\/a> <\/strong><\/em><\/p>\n","protected":false},"excerpt":{"rendered":"<p>\u00a0 Hace ya un par de meses, los vecinos de Avellaneda, conocieron a Ulises, un muchacho que junto a su perro hab\u00eda quedado en la calle y que sobreviv\u00eda en la calle por la caridad de los vecinos. A todos los conmov\u00eda ese muchacho que no era criado en la calle\u00a0y la fidelidad mutua con&hellip;<\/p>\n","protected":false},"author":1,"featured_media":0,"comment_status":"open","ping_status":"open","sticky":false,"template":"","format":"standard","meta":{"footnotes":""},"categories":[26],"tags":[461,2508,15676,15628,4758,16405],"class_list":["post-35429","post","type-post","status-publish","format-standard","hentry","category-solidaridad","tag-avellaneda","tag-municipalidad","tag-sandra-orfila","tag-si-se-puede","tag-solidaridad-2","tag-ulises"],"_links":{"self":[{"href":"https:\/\/www.elsindical.com.ar\/notas\/wp-json\/wp\/v2\/posts\/35429","targetHints":{"allow":["GET"]}}],"collection":[{"href":"https:\/\/www.elsindical.com.ar\/notas\/wp-json\/wp\/v2\/posts"}],"about":[{"href":"https:\/\/www.elsindical.com.ar\/notas\/wp-json\/wp\/v2\/types\/post"}],"author":[{"embeddable":true,"href":"https:\/\/www.elsindical.com.ar\/notas\/wp-json\/wp\/v2\/users\/1"}],"replies":[{"embeddable":true,"href":"https:\/\/www.elsindical.com.ar\/notas\/wp-json\/wp\/v2\/comments?post=35429"}],"version-history":[{"count":4,"href":"https:\/\/www.elsindical.com.ar\/notas\/wp-json\/wp\/v2\/posts\/35429\/revisions"}],"predecessor-version":[{"id":35431,"href":"https:\/\/www.elsindical.com.ar\/notas\/wp-json\/wp\/v2\/posts\/35429\/revisions\/35431"}],"wp:attachment":[{"href":"https:\/\/www.elsindical.com.ar\/notas\/wp-json\/wp\/v2\/media?parent=35429"}],"wp:term":[{"taxonomy":"category","embeddable":true,"href":"https:\/\/www.elsindical.com.ar\/notas\/wp-json\/wp\/v2\/categories?post=35429"},{"taxonomy":"post_tag","embeddable":true,"href":"https:\/\/www.elsindical.com.ar\/notas\/wp-json\/wp\/v2\/tags?post=35429"}],"curies":[{"name":"wp","href":"https:\/\/api.w.org\/{rel}","templated":true}]}}