{"id":35426,"date":"2013-06-13T15:09:26","date_gmt":"2013-06-13T18:09:26","guid":{"rendered":"http:\/\/www.elsindical.com.ar\/notas\/?p=35426"},"modified":"2013-06-13T15:09:26","modified_gmt":"2013-06-13T18:09:26","slug":"secuestran-a-otra-joven-la-violan-y-abandonan-shockeada","status":"publish","type":"post","link":"https:\/\/www.elsindical.com.ar\/notas\/secuestran-a-otra-joven-la-violan-y-abandonan-shockeada\/","title":{"rendered":"Secuestran a otra joven, la violan y abandonan shockeada"},"content":{"rendered":"<p style=\"text-align: justify;\"><em>\u00a0<a href=\"http:\/\/www.elsindical.com.ar\/notas\/var\/www\/html\/notas\/wp-content\/uploads\/2013\/06\/alumnos-reclamando-justicia-por-violaci\u00f3n.jpg\"><img loading=\"lazy\" decoding=\"async\" class=\"alignleft size-medium wp-image-35427\" alt=\"alumnos-reclamando-justicia-por-violaci\u00f3n\" src=\"http:\/\/www.elsindical.com.ar\/notas\/var\/www\/html\/notas\/wp-content\/uploads\/2013\/06\/alumnos-reclamando-justicia-por-violaci\u00f3n-300x170.jpg\" width=\"387\" height=\"221\" srcset=\"https:\/\/www.elsindical.com.ar\/notas\/var\/www\/html\/notas\/wp-content\/uploads\/2013\/06\/alumnos-reclamando-justicia-por-violaci\u00f3n-300x170.jpg 300w, https:\/\/www.elsindical.com.ar\/notas\/var\/www\/html\/notas\/wp-content\/uploads\/2013\/06\/alumnos-reclamando-justicia-por-violaci\u00f3n.jpg 502w\" sizes=\"auto, (max-width: 387px) 100vw, 387px\" \/><\/a>Dos sujetos que la abordaron en la esquina de una escuela de Isidro Casanova mediante amenazas la obligaron a subir a un veh\u00edculo, para luego someterla sexualmente y dejarla en estado de shock.<\/em><\/p>\n<p style=\"text-align: justify;\">En medio del dolor por el crimen de \u00c1ngeles Rawson, raptada cuando sal\u00eda de una clase escolar y luego asesinada, ayer se conoci\u00f3 el caso de <b>otra adolescente secuestrada a la salida de una escuela privada de la localidad de Isidro Casanova,<\/b> por dos sujetos que la abordaron en la esquina de la instituci\u00f3n educativa y mediante amenazas la obligaron a subir a un veh\u00edculo, para finalmente s<b>ometerla sexualmente y dejarla abandonada en estado de shock.<\/b><\/p>\n<p>Por este hecho, en la tarde de a<b>yer compa\u00f1eros de la v\u00edctima, de 17 a\u00f1os, realizaron una marcha pidiendo justicia,<\/b> de la que participaron familiares de alumnos y docentes de la instituci\u00f3n.<\/p>\n<p>L<b>a joven es alumna del Instituto Buenos Aires, ubicado en la avenida Carlos Casares al 2300<\/b>, de la citada localidad del partido de La Matanza, en cuya esquina result\u00f3 abordada por un sujeto armado que comenz\u00f3 a amenazarla, para luego obligarla a ingresar a un autom\u00f3vil conducido por un c\u00f3mplice.<br \/>\n<b><br \/>\n\u00abEl auto estaba estacionado. Y cuando la chica pasaba cerca al salir de la escuela, se baj\u00f3 uno de los hombres y la amenaz\u00f3.<\/b> La hizo entrar a la fuerza. Estaba acompa\u00f1ado por otra persona adentro del auto\u00bb, dijo la madre de otra alumna de la instituci\u00f3n. De acuerdo a lo investigado, los sujetos se dirigieron hasta una zona descampada de Isidro Casanova, donde detuvieron la marcha del rodado y abusaron sexualmente de la adolescente.<br \/>\n<b><br \/>\nTras el horror, los depravados volvieron a subir al autom\u00f3vil junto con la chica, y condujeron hasta el cruce de la avenida Carlos Casares y la Ruta Nacional 3.<\/b> \u00abAh\u00ed la dejaron abandonada. La amenazaron para que no hable con nadie porque la iban a matar, le dec\u00edan que ya la conoc\u00edan. La chica estaba en estado de shock, pero logr\u00f3 caminar solita de nuevo hasta la escuela, a unas pocas cuadras, donde la atendieron\u00bb, dijo la mujer. El episodio caus\u00f3 verdadera conmoci\u00f3n en la comunidad educativa de la escuela. De hecho, ayer en horas de la tarde una gran cantidad de compa\u00f1eros de la v\u00edctima realizaron una manifestaci\u00f3n en la Ruta 3, acompa\u00f1ados por padres de alumnos y docentes de la instituci\u00f3n. \u00abEstamos pidiendo justicia para nuestra compa\u00f1era violada. Necesitamos seguridad, porque queremos volver a casa tranquilos\u00bb, dijo una amiga de la chica en la marcha.<\/p>\n<p>La denuncia fue radicada por la chica y su familia, aportando informaci\u00f3n valiosa para la instrucci\u00f3n del caso por privaci\u00f3n ilegal de la libertad, amenazas y abuso sexual.<\/p>\n","protected":false},"excerpt":{"rendered":"<p>\u00a0Dos sujetos que la abordaron en la esquina de una escuela de Isidro Casanova mediante amenazas la obligaron a subir a un veh\u00edculo, para luego someterla sexualmente y dejarla en estado de shock. En medio del dolor por el crimen de \u00c1ngeles Rawson, raptada cuando sal\u00eda de una clase escolar y luego asesinada, ayer se&hellip;<\/p>\n","protected":false},"author":1,"featured_media":0,"comment_status":"open","ping_status":"open","sticky":false,"template":"","format":"standard","meta":{"footnotes":""},"categories":[22],"tags":[16388,2448,5350,16404,271],"class_list":["post-35426","post","type-post","status-publish","format-standard","hentry","category-policiales","tag-angeles-rawson","tag-escuela","tag-isidro-casanova","tag-shock","tag-violacion"],"_links":{"self":[{"href":"https:\/\/www.elsindical.com.ar\/notas\/wp-json\/wp\/v2\/posts\/35426","targetHints":{"allow":["GET"]}}],"collection":[{"href":"https:\/\/www.elsindical.com.ar\/notas\/wp-json\/wp\/v2\/posts"}],"about":[{"href":"https:\/\/www.elsindical.com.ar\/notas\/wp-json\/wp\/v2\/types\/post"}],"author":[{"embeddable":true,"href":"https:\/\/www.elsindical.com.ar\/notas\/wp-json\/wp\/v2\/users\/1"}],"replies":[{"embeddable":true,"href":"https:\/\/www.elsindical.com.ar\/notas\/wp-json\/wp\/v2\/comments?post=35426"}],"version-history":[{"count":1,"href":"https:\/\/www.elsindical.com.ar\/notas\/wp-json\/wp\/v2\/posts\/35426\/revisions"}],"predecessor-version":[{"id":35428,"href":"https:\/\/www.elsindical.com.ar\/notas\/wp-json\/wp\/v2\/posts\/35426\/revisions\/35428"}],"wp:attachment":[{"href":"https:\/\/www.elsindical.com.ar\/notas\/wp-json\/wp\/v2\/media?parent=35426"}],"wp:term":[{"taxonomy":"category","embeddable":true,"href":"https:\/\/www.elsindical.com.ar\/notas\/wp-json\/wp\/v2\/categories?post=35426"},{"taxonomy":"post_tag","embeddable":true,"href":"https:\/\/www.elsindical.com.ar\/notas\/wp-json\/wp\/v2\/tags?post=35426"}],"curies":[{"name":"wp","href":"https:\/\/api.w.org\/{rel}","templated":true}]}}