{"id":35394,"date":"2013-06-12T16:13:08","date_gmt":"2013-06-12T19:13:08","guid":{"rendered":"http:\/\/www.elsindical.com.ar\/notas\/?p=35394"},"modified":"2013-06-12T16:13:08","modified_gmt":"2013-06-12T19:13:08","slug":"desarticulan-banda-dedicada-al-trabajo-esclavo-e-infantil","status":"publish","type":"post","link":"https:\/\/www.elsindical.com.ar\/notas\/desarticulan-banda-dedicada-al-trabajo-esclavo-e-infantil\/","title":{"rendered":"Desarticulan banda dedicada al trabajo esclavo e infantil"},"content":{"rendered":"<p style=\"text-align: justify;\"><em><a href=\"http:\/\/www.elsindical.com.ar\/notas\/var\/www\/html\/notas\/wp-content\/uploads\/2013\/06\/procedimientos-AFIP.jpg\"><img loading=\"lazy\" decoding=\"async\" class=\"alignleft size-medium wp-image-35395\" alt=\"procedimientos-AFIP\" src=\"http:\/\/www.elsindical.com.ar\/notas\/var\/www\/html\/notas\/wp-content\/uploads\/2013\/06\/procedimientos-AFIP-300x193.jpg\" width=\"300\" height=\"193\" srcset=\"https:\/\/www.elsindical.com.ar\/notas\/var\/www\/html\/notas\/wp-content\/uploads\/2013\/06\/procedimientos-AFIP-300x193.jpg 300w, https:\/\/www.elsindical.com.ar\/notas\/var\/www\/html\/notas\/wp-content\/uploads\/2013\/06\/procedimientos-AFIP-464x300.jpg 464w, https:\/\/www.elsindical.com.ar\/notas\/var\/www\/html\/notas\/wp-content\/uploads\/2013\/06\/procedimientos-AFIP.jpg 502w\" sizes=\"auto, (max-width: 300px) 100vw, 300px\" \/><\/a>Unos 500 agentes de la AFIP, realizaron 80 allanamientos,\u00a0en diez provincias de todo el pa\u00eds,\u00a035 en de ellos en C\u00f3rdoba, y en la mayor\u00eda de los operativos se descubri\u00f3 gran cantidad de ciudadanos colombianos trabajando en condiciones infrahumanas.<\/em><\/p>\n<div id=\"texto\" style=\"text-align: justify;\">\n<p>Medio millar de agentes de AFIP y fuerzas de seguridad realizaban esta ma\u00f1ana 80 allanamientos simult\u00e1neos en 10 provincias del pa\u00eds, en el marco de una investigaci\u00f3n vinculada a una red internacional de trabajo esclavo que involucraba, en su mayor\u00eda, a ciudadanos colombianos.<\/p>\n<p><i>\u201cEn estos momentos, 500 agentes de AFIP y fuerzas de seguridad est\u00e1n realizando m\u00e1s de 80 allanamientos simult\u00e1neos en 10 provincias del pa\u00eds en el marco de una investigaci\u00f3n vinculada a una red internacional de trabajo esclavo que involucraba, en su mayor\u00eda, a ciudadanos colombianos\u201d<\/i>, inform\u00f3 la AFIP.<\/p>\n<p>Se calcula que al menos 200 colombianos se encuentran trabajando en el pa\u00eds en condiciones infrahumanas, luego de ser ingresados ilegalmente a la Argentina.<\/p>\n<p>Los allanamientos se realizan en C\u00f3rdoba, Mendoza, Misiones, San Juan, Santa Fe, Jujuy, Salta, Chaco, Tucum\u00e1n y provincia de Buenos Aires y se encuentran a cargo del Fiscal <b>Enrique Senestrari<\/b>, de la Fiscal\u00eda Federal N\u00ba 1 de la Ciudad de C\u00f3rdoba, quien adem\u00e1s solicit\u00f3 17 detenciones.<\/p>\n<\/div>\n","protected":false},"excerpt":{"rendered":"<p>Unos 500 agentes de la AFIP, realizaron 80 allanamientos,\u00a0en diez provincias de todo el pa\u00eds,\u00a035 en de ellos en C\u00f3rdoba, y en la mayor\u00eda de los operativos se descubri\u00f3 gran cantidad de ciudadanos colombianos trabajando en condiciones infrahumanas. Medio millar de agentes de AFIP y fuerzas de seguridad realizaban esta ma\u00f1ana 80 allanamientos simult\u00e1neos en&hellip;<\/p>\n","protected":false},"author":1,"featured_media":0,"comment_status":"open","ping_status":"open","sticky":false,"template":"","format":"standard","meta":{"footnotes":""},"categories":[22],"tags":[],"class_list":["post-35394","post","type-post","status-publish","format-standard","hentry","category-policiales"],"_links":{"self":[{"href":"https:\/\/www.elsindical.com.ar\/notas\/wp-json\/wp\/v2\/posts\/35394","targetHints":{"allow":["GET"]}}],"collection":[{"href":"https:\/\/www.elsindical.com.ar\/notas\/wp-json\/wp\/v2\/posts"}],"about":[{"href":"https:\/\/www.elsindical.com.ar\/notas\/wp-json\/wp\/v2\/types\/post"}],"author":[{"embeddable":true,"href":"https:\/\/www.elsindical.com.ar\/notas\/wp-json\/wp\/v2\/users\/1"}],"replies":[{"embeddable":true,"href":"https:\/\/www.elsindical.com.ar\/notas\/wp-json\/wp\/v2\/comments?post=35394"}],"version-history":[{"count":0,"href":"https:\/\/www.elsindical.com.ar\/notas\/wp-json\/wp\/v2\/posts\/35394\/revisions"}],"wp:attachment":[{"href":"https:\/\/www.elsindical.com.ar\/notas\/wp-json\/wp\/v2\/media?parent=35394"}],"wp:term":[{"taxonomy":"category","embeddable":true,"href":"https:\/\/www.elsindical.com.ar\/notas\/wp-json\/wp\/v2\/categories?post=35394"},{"taxonomy":"post_tag","embeddable":true,"href":"https:\/\/www.elsindical.com.ar\/notas\/wp-json\/wp\/v2\/tags?post=35394"}],"curies":[{"name":"wp","href":"https:\/\/api.w.org\/{rel}","templated":true}]}}