{"id":35388,"date":"2013-06-12T12:57:04","date_gmt":"2013-06-12T15:57:04","guid":{"rendered":"http:\/\/www.elsindical.com.ar\/notas\/?p=35388"},"modified":"2013-06-12T12:57:04","modified_gmt":"2013-06-12T15:57:04","slug":"quilmesrealizan-veinte-allanamientos-y-secuestran-150-kilos-de-cocaina-ocultos-bajo-una-cama","status":"publish","type":"post","link":"https:\/\/www.elsindical.com.ar\/notas\/quilmesrealizan-veinte-allanamientos-y-secuestran-150-kilos-de-cocaina-ocultos-bajo-una-cama\/","title":{"rendered":"Quilmes:Realizan veinte allanamientos y secuestran 150 kilos de coca\u00edna ocultos bajo una cama"},"content":{"rendered":"<p id=\"text_bajada\" style=\"text-align: justify;\"><em><a href=\"http:\/\/www.elsindical.com.ar\/notas\/var\/www\/html\/notas\/wp-content\/uploads\/2013\/06\/drogas-il\u00edcitas-PBA.jpg\"><img loading=\"lazy\" decoding=\"async\" class=\"alignleft size-medium wp-image-35389\" alt=\"drogas-il\u00edcitas-PBA\" src=\"http:\/\/www.elsindical.com.ar\/notas\/var\/www\/html\/notas\/wp-content\/uploads\/2013\/06\/drogas-il\u00edcitas-PBA-300x181.jpg\" width=\"300\" height=\"181\" srcset=\"https:\/\/www.elsindical.com.ar\/notas\/var\/www\/html\/notas\/wp-content\/uploads\/2013\/06\/drogas-il\u00edcitas-PBA-300x181.jpg 300w, https:\/\/www.elsindical.com.ar\/notas\/var\/www\/html\/notas\/wp-content\/uploads\/2013\/06\/drogas-il\u00edcitas-PBA.jpg 473w\" sizes=\"auto, (max-width: 300px) 100vw, 300px\" \/><\/a>El hallazgo se produjo durante una serie de allanamientos realizados en el partido de Quilmes. La droga era de m\u00e1xima pureza. El gobernador Daniel Scioli y el ministro de Justicia y Seguridad brindar\u00e1n una conferencia de prensa.<\/em><\/p>\n<p style=\"text-align: justify;\">M\u00e1s de 150 kilos de coca\u00edna de m\u00e1xima pureza fueron secuestrados durante una serie de operativos realizados en el conurbano bonaerense, en el marco de una causa por narcotr\u00e1fico.<\/p>\n<p>Fuentes policiales informaron que la droga fue encontrada en el interior de un domicilio del partido bonaerense de Quilmes, ubicado en las calles Lavalleja 1210, entre Blas Parera y V\u00e9lez Sarsfield. Lo curioso del caso es que la coca\u00edna estaba oculta debajo de una cama.<\/p>\n<p>Seg\u00fan las fuentes, la justicia que investiga a una organizaci\u00f3n que operaba en la zona orden\u00f3 al menos veinte allanamientos que fueron realizados en las \u00faltimas horas.<\/p>\n<p>Adem\u00e1s de la droga, secuestraron otros elementos de importancia para la causa y demoraron a presuntos miembros de la organizaci\u00f3n narcocriminal.<\/p>\n<p>Seg\u00fan las fuentes, esta tarde el gobernador Daniel Scioli y el ministro de Justicia y Seguridad Ricardo Casal brindar\u00e1n una conferencia de prensa para ampliar los datos de la investigaci\u00f3n, y exhibir los resultados de los operativos.<\/p>\n","protected":false},"excerpt":{"rendered":"<p>El hallazgo se produjo durante una serie de allanamientos realizados en el partido de Quilmes. La droga era de m\u00e1xima pureza. El gobernador Daniel Scioli y el ministro de Justicia y Seguridad brindar\u00e1n una conferencia de prensa. M\u00e1s de 150 kilos de coca\u00edna de m\u00e1xima pureza fueron secuestrados durante una serie de operativos realizados en&hellip;<\/p>\n","protected":false},"author":1,"featured_media":0,"comment_status":"open","ping_status":"open","sticky":false,"template":"","format":"standard","meta":{"footnotes":""},"categories":[22],"tags":[493,16396,684],"class_list":["post-35388","post","type-post","status-publish","format-standard","hentry","category-policiales","tag-allanamientos","tag-pba","tag-quilmes"],"_links":{"self":[{"href":"https:\/\/www.elsindical.com.ar\/notas\/wp-json\/wp\/v2\/posts\/35388","targetHints":{"allow":["GET"]}}],"collection":[{"href":"https:\/\/www.elsindical.com.ar\/notas\/wp-json\/wp\/v2\/posts"}],"about":[{"href":"https:\/\/www.elsindical.com.ar\/notas\/wp-json\/wp\/v2\/types\/post"}],"author":[{"embeddable":true,"href":"https:\/\/www.elsindical.com.ar\/notas\/wp-json\/wp\/v2\/users\/1"}],"replies":[{"embeddable":true,"href":"https:\/\/www.elsindical.com.ar\/notas\/wp-json\/wp\/v2\/comments?post=35388"}],"version-history":[{"count":1,"href":"https:\/\/www.elsindical.com.ar\/notas\/wp-json\/wp\/v2\/posts\/35388\/revisions"}],"predecessor-version":[{"id":35390,"href":"https:\/\/www.elsindical.com.ar\/notas\/wp-json\/wp\/v2\/posts\/35388\/revisions\/35390"}],"wp:attachment":[{"href":"https:\/\/www.elsindical.com.ar\/notas\/wp-json\/wp\/v2\/media?parent=35388"}],"wp:term":[{"taxonomy":"category","embeddable":true,"href":"https:\/\/www.elsindical.com.ar\/notas\/wp-json\/wp\/v2\/categories?post=35388"},{"taxonomy":"post_tag","embeddable":true,"href":"https:\/\/www.elsindical.com.ar\/notas\/wp-json\/wp\/v2\/tags?post=35388"}],"curies":[{"name":"wp","href":"https:\/\/api.w.org\/{rel}","templated":true}]}}