{"id":35383,"date":"2013-06-12T12:43:09","date_gmt":"2013-06-12T15:43:09","guid":{"rendered":"http:\/\/www.elsindical.com.ar\/notas\/?p=35383"},"modified":"2013-06-12T12:44:29","modified_gmt":"2013-06-12T15:44:29","slug":"jose-leon-suarezla-policia-rescata-a-remisero-y-pasajeros-de-asalto-de-motochorros","status":"publish","type":"post","link":"https:\/\/www.elsindical.com.ar\/notas\/jose-leon-suarezla-policia-rescata-a-remisero-y-pasajeros-de-asalto-de-motochorros\/","title":{"rendered":"Jos\u00e9 Le\u00f3n Su\u00e1rez:La polic\u00eda rescata a remisero y pasajeros de asalto de motochorros"},"content":{"rendered":"<p style=\"text-align: justify;\"><em><a href=\"http:\/\/www.elsindical.com.ar\/notas\/var\/www\/html\/notas\/wp-content\/uploads\/2013\/06\/barrio-9-de-julio.jpg\"><img loading=\"lazy\" decoding=\"async\" class=\"alignleft size-medium wp-image-35384\" alt=\"barrio-9-de-julio\" src=\"http:\/\/www.elsindical.com.ar\/notas\/var\/www\/html\/notas\/wp-content\/uploads\/2013\/06\/barrio-9-de-julio-300x193.jpg\" width=\"300\" height=\"193\" srcset=\"https:\/\/www.elsindical.com.ar\/notas\/var\/www\/html\/notas\/wp-content\/uploads\/2013\/06\/barrio-9-de-julio-300x193.jpg 300w, https:\/\/www.elsindical.com.ar\/notas\/var\/www\/html\/notas\/wp-content\/uploads\/2013\/06\/barrio-9-de-julio-464x300.jpg 464w, https:\/\/www.elsindical.com.ar\/notas\/var\/www\/html\/notas\/wp-content\/uploads\/2013\/06\/barrio-9-de-julio.jpg 502w\" sizes=\"auto, (max-width: 300px) 100vw, 300px\" \/><\/a>Las tres v\u00edctimas pudieron ser liberadas luego de una persecuci\u00f3n cinem\u00e1tografica de un kil\u00f3metro. Fueron tomados como rehenes por dos motochorros en Jos\u00e9 Le\u00f3n Su\u00e1rez.<\/em><\/p>\n<p style=\"text-align: justify;\">Las autoridades policiales lograron rescatar, tras una cinematogr\u00e1fica persecuci\u00f3n de un kil\u00f3metro, a un remisero y a dos pasajeros del citado rodado de alquiler, quienes hab\u00edan sido secuestrados por dos motochorros, en un dram\u00e1tico suceso que se registr\u00f3 en la localidad bonaerense de Jos\u00e9 Le\u00f3n Su\u00e1rez, en el partido de San Mart\u00edn. Los brutales sujetos, por su parte, consiguieron fugar y ahora son buscados por los pesquisas.<\/p>\n<p style=\"text-align: justify;\">Los voceros revelaron que este tremendo hecho se produjo cuando<b> Julio C\u00e9sar Toranzo<\/b>, de 51 a\u00f1os, guiaba un remise Renault Fluence gris, patente LSK-749, en cuyo interior viajaban, como clientes, <b>Pilar Mart\u00ednez Vay\u00f3n<\/b>, de 25 a\u00f1os, y <b>Evans Ram\u00edrez<\/b>, de 24. Repentinamente, en el cruce de 3 y Debenedetti, en el mencionado distrito, aparecieron en escena dos ladrones armados, quienes se movilizaban en una motocicleta Honda Twister blanca.<\/p>\n<p style=\"text-align: justify;\">De inmediato, los peligrosos malvivientes redujeron a los damnificados y uno de los hampones subi\u00f3 al auto y se hizo cargo del volante, oportunidad en la que priv\u00f3 de la libertad al chofer y a la pareja, llev\u00e1ndoselos cautivos, por la fuerza, mientras que su c\u00f3mplice efectuaba labores de apoyo.<\/p>\n<p style=\"text-align: justify;\">Pero esta maniobra de los secuestradores fue advertida por los ocupantes de un patrullero de la comisar\u00eda 4\u00aa de San Mart\u00edn, quienes recorr\u00edan el humilde vecindario.<\/p>\n<p style=\"text-align: justify;\">Acto seguido, los servidores p\u00fablicos comenzaron a seguir al Renault Fluence. Al observar la presencia de los uniformados, el captor que conduc\u00eda el veh\u00edculo resolvi\u00f3 emprender la huida con las atemorizadas v\u00edctimas, lo cual origin\u00f3 una terrible persecuci\u00f3n, por varias calles de la zona.<\/p>\n<p style=\"text-align: justify;\">Trascendi\u00f3 que el brutal episodio acab\u00f3 cuando el delincuente que manejaba el rem\u00eds perdi\u00f3 el contro de la unidad y choc\u00f3 violentamente contra un puente peatonal situado en la esquina de Juana de Ibarbourou y Primero de Agosto, en el denominado Barrio 9 de Julio. El sujeto baj\u00f3 del autom\u00f3vil y, luego de arrojar un rev\u00f3lver 44, escap\u00f3 velozmente a la carrera, ocasi\u00f3n que el grupo de polic\u00edas rescat\u00f3 a los tres rehenes. Intervinieron en la causa los integrantes de la Unidad Funcional N\u00ba 10 del departamento judicial de San Mart\u00edn.<\/p>\n","protected":false},"excerpt":{"rendered":"<p>Las tres v\u00edctimas pudieron ser liberadas luego de una persecuci\u00f3n cinem\u00e1tografica de un kil\u00f3metro. Fueron tomados como rehenes por dos motochorros en Jos\u00e9 Le\u00f3n Su\u00e1rez. Las autoridades policiales lograron rescatar, tras una cinematogr\u00e1fica persecuci\u00f3n de un kil\u00f3metro, a un remisero y a dos pasajeros del citado rodado de alquiler, quienes hab\u00edan sido secuestrados por dos&hellip;<\/p>\n","protected":false},"author":1,"featured_media":0,"comment_status":"open","ping_status":"open","sticky":false,"template":"","format":"standard","meta":{"footnotes":""},"categories":[22],"tags":[424,4398,16395,30,116],"class_list":["post-35383","post","type-post","status-publish","format-standard","hentry","category-policiales","tag-armas","tag-jose-leon-suarez","tag-morochorros","tag-policia","tag-robo"],"_links":{"self":[{"href":"https:\/\/www.elsindical.com.ar\/notas\/wp-json\/wp\/v2\/posts\/35383","targetHints":{"allow":["GET"]}}],"collection":[{"href":"https:\/\/www.elsindical.com.ar\/notas\/wp-json\/wp\/v2\/posts"}],"about":[{"href":"https:\/\/www.elsindical.com.ar\/notas\/wp-json\/wp\/v2\/types\/post"}],"author":[{"embeddable":true,"href":"https:\/\/www.elsindical.com.ar\/notas\/wp-json\/wp\/v2\/users\/1"}],"replies":[{"embeddable":true,"href":"https:\/\/www.elsindical.com.ar\/notas\/wp-json\/wp\/v2\/comments?post=35383"}],"version-history":[{"count":3,"href":"https:\/\/www.elsindical.com.ar\/notas\/wp-json\/wp\/v2\/posts\/35383\/revisions"}],"predecessor-version":[{"id":35386,"href":"https:\/\/www.elsindical.com.ar\/notas\/wp-json\/wp\/v2\/posts\/35383\/revisions\/35386"}],"wp:attachment":[{"href":"https:\/\/www.elsindical.com.ar\/notas\/wp-json\/wp\/v2\/media?parent=35383"}],"wp:term":[{"taxonomy":"category","embeddable":true,"href":"https:\/\/www.elsindical.com.ar\/notas\/wp-json\/wp\/v2\/categories?post=35383"},{"taxonomy":"post_tag","embeddable":true,"href":"https:\/\/www.elsindical.com.ar\/notas\/wp-json\/wp\/v2\/tags?post=35383"}],"curies":[{"name":"wp","href":"https:\/\/api.w.org\/{rel}","templated":true}]}}