{"id":35380,"date":"2013-06-12T12:33:49","date_gmt":"2013-06-12T15:33:49","guid":{"rendered":"http:\/\/www.elsindical.com.ar\/notas\/?p=35380"},"modified":"2013-06-12T12:33:49","modified_gmt":"2013-06-12T15:33:49","slug":"lomas-de-zamoragendarmeria-allano-un-prostibulo-en-turdera","status":"publish","type":"post","link":"https:\/\/www.elsindical.com.ar\/notas\/lomas-de-zamoragendarmeria-allano-un-prostibulo-en-turdera\/","title":{"rendered":"Lomas de Zamora:Gendarmer\u00eda allan\u00f3 un prost\u00edbulo en Turdera"},"content":{"rendered":"<p style=\"text-align: justify;\"><em><a href=\"http:\/\/www.elsindical.com.ar\/notas\/var\/www\/html\/notas\/wp-content\/uploads\/2013\/06\/allanamiento-prost\u00edbulo-Turders.jpg\"><img loading=\"lazy\" decoding=\"async\" class=\"alignleft size-medium wp-image-35381\" alt=\"allanamiento-prost\u00edbulo-Turders\" src=\"http:\/\/www.elsindical.com.ar\/notas\/var\/www\/html\/notas\/wp-content\/uploads\/2013\/06\/allanamiento-prost\u00edbulo-Turders-300x190.jpg\" width=\"300\" height=\"190\" srcset=\"https:\/\/www.elsindical.com.ar\/notas\/var\/www\/html\/notas\/wp-content\/uploads\/2013\/06\/allanamiento-prost\u00edbulo-Turders-300x190.jpg 300w, https:\/\/www.elsindical.com.ar\/notas\/var\/www\/html\/notas\/wp-content\/uploads\/2013\/06\/allanamiento-prost\u00edbulo-Turders.jpg 443w\" sizes=\"auto, (max-width: 300px) 100vw, 300px\" \/><\/a>Tras numerosas denuncias de vecinos de la zona, personal de Gendarmer\u00eda allan\u00f3 el local ubicado en la calle Buenaventura al 400, a metros de la avenida Hip\u00f3lito Yrigoyen. \u00abTiene que haber un control para este tipo de actividades\u00bb, protest\u00f3 un vecino, al tiempo que asegur\u00f3 que la \u00abactividad\u00bb era \u00abevidente\u00bb porque hasta repart\u00edan volantes en la puerta.<\/em><\/p>\n<p style=\"text-align: justify;\">Gendamer\u00eda allan\u00f3 el lunes por la noche un prost\u00edbulo en Turdera. Los vecinos hab\u00edan realizado varias denuncias por este local ubicado a metros de la avenida Hip\u00f3lito Yrigoyen, y se\u00f1alaron que hasta repart\u00edan volantes en la puerta del departamento.<\/p>\n<p>Efectivos de Gendarmer\u00eda realizaron un allanamiento en el local ubicado en Buenaventura al 400, a pocos metros de la avenida. El lugar fue clausurado, pero desde la fuerza de seguridad no brindaron mayores detalles sobre el procedimiento.<\/p>\n<p>Desde todos modos, Gendarmer\u00eda, vecinos y desde la Municipalidad de Lomas de Zamora confirmaron que el procedimiento se concret\u00f3 cerca de las 21:00 hs.\u00a0del lunes.<\/p>\n<p>\u201cEncontramos a dos m\u00f3viles de Gendarmer\u00eda, y los efectivos nos confirmaron que era un allanamiento por el delito de trata de personas\u201d, explic\u00f3\u00a0 uno de los vecinos que denunciaba desde hace tiempo la existencia de este prost\u00edbulo. Seg\u00fan inform\u00f3, la actividad de este centro era \u201cclara y evidente\u201d debido a que \u201crepart\u00edan volantes para acceder al prost\u00edbulo y las luces estaban prendidas las 24 horas\u201d.<\/p>\n<p>Adem\u00e1s, asegur\u00f3 que las quejas respecto a la actividad del edificio eran reiteradas y estaba en conocimiento de todos los vecinos desde hace \u201cmucho tiempo\u201d. Las denuncias tambi\u00e9n apuntaban a la entrega de \u201cvolantes inadecuados\u201d a chicos, en plena v\u00eda p\u00fablica.<\/p>\n<p>\u201cEste caso ahora est\u00e1 en manos de la Justicia el determinar culpabilidades y espero que cierre, a los vecinos les molestaba y no lo quer\u00edamos tener en nuestro barrio\u201d, asegur\u00f3 el hombre.<\/p>\n<p>Seg\u00fan inform\u00f3 el vecino, las denuncias acerca de la existencia del presunto prost\u00edbulo fueron dadas a conocer en reuniones que se organizaron en el transcurso del a\u00f1o pasado. \u201cA los vecinos les molesta que est\u00e9 ese prost\u00edbulo ah\u00ed funcionando, con el tiempo se hicieron tan impunes y evidentes que ya todos sab\u00edan que estaba funcionando\u201d, denunci\u00f3 el vecino.<\/p>\n<p>\u201cEstaban las sospechas de que hab\u00edan menores de edad y se dudaba mucho acerca de las circunstancias en la que estaban esas personas, si estaban ah\u00ed por su voluntad o no\u201d, advirti\u00f3 el hombre, al tiempo que reclam\u00f3: \u201cTiene que haber un control\u201d.<\/p>\n","protected":false},"excerpt":{"rendered":"<p>Tras numerosas denuncias de vecinos de la zona, personal de Gendarmer\u00eda allan\u00f3 el local ubicado en la calle Buenaventura al 400, a metros de la avenida Hip\u00f3lito Yrigoyen. \u00abTiene que haber un control para este tipo de actividades\u00bb, protest\u00f3 un vecino, al tiempo que asegur\u00f3 que la \u00abactividad\u00bb era \u00abevidente\u00bb porque hasta repart\u00edan volantes en&hellip;<\/p>\n","protected":false},"author":1,"featured_media":0,"comment_status":"open","ping_status":"open","sticky":false,"template":"","format":"standard","meta":{"footnotes":""},"categories":[22],"tags":[22020,744,1159,8648],"class_list":["post-35380","post","type-post","status-publish","format-standard","hentry","category-policiales","tag-denuncias","tag-lomas-de-zamora","tag-prostibulo","tag-turdera"],"_links":{"self":[{"href":"https:\/\/www.elsindical.com.ar\/notas\/wp-json\/wp\/v2\/posts\/35380","targetHints":{"allow":["GET"]}}],"collection":[{"href":"https:\/\/www.elsindical.com.ar\/notas\/wp-json\/wp\/v2\/posts"}],"about":[{"href":"https:\/\/www.elsindical.com.ar\/notas\/wp-json\/wp\/v2\/types\/post"}],"author":[{"embeddable":true,"href":"https:\/\/www.elsindical.com.ar\/notas\/wp-json\/wp\/v2\/users\/1"}],"replies":[{"embeddable":true,"href":"https:\/\/www.elsindical.com.ar\/notas\/wp-json\/wp\/v2\/comments?post=35380"}],"version-history":[{"count":1,"href":"https:\/\/www.elsindical.com.ar\/notas\/wp-json\/wp\/v2\/posts\/35380\/revisions"}],"predecessor-version":[{"id":35382,"href":"https:\/\/www.elsindical.com.ar\/notas\/wp-json\/wp\/v2\/posts\/35380\/revisions\/35382"}],"wp:attachment":[{"href":"https:\/\/www.elsindical.com.ar\/notas\/wp-json\/wp\/v2\/media?parent=35380"}],"wp:term":[{"taxonomy":"category","embeddable":true,"href":"https:\/\/www.elsindical.com.ar\/notas\/wp-json\/wp\/v2\/categories?post=35380"},{"taxonomy":"post_tag","embeddable":true,"href":"https:\/\/www.elsindical.com.ar\/notas\/wp-json\/wp\/v2\/tags?post=35380"}],"curies":[{"name":"wp","href":"https:\/\/api.w.org\/{rel}","templated":true}]}}