{"id":35369,"date":"2013-06-12T07:48:38","date_gmt":"2013-06-12T10:48:38","guid":{"rendered":"http:\/\/www.elsindical.com.ar\/notas\/?p=35369"},"modified":"2013-06-12T07:48:38","modified_gmt":"2013-06-12T10:48:38","slug":"efemeridesdel-dia-12-d-junio","status":"publish","type":"post","link":"https:\/\/www.elsindical.com.ar\/notas\/efemeridesdel-dia-12-d-junio\/","title":{"rendered":"EFEM\u00c9RIDES:DEL D\u00cdA 12 D JUNIO"},"content":{"rendered":"<p style=\"text-align: justify;\"><a href=\"http:\/\/www.elsindical.com.ar\/notas\/var\/www\/html\/notas\/wp-content\/uploads\/2010\/06\/oit.jpg\"><img loading=\"lazy\" decoding=\"async\" class=\"alignleft size-full wp-image-7170\" alt=\"oit\" src=\"http:\/\/www.elsindical.com.ar\/notas\/var\/www\/html\/notas\/wp-content\/uploads\/2010\/06\/oit.jpg\" width=\"178\" height=\"139\" \/><\/a>En un 12 de junio como hoy, pero de 1843, el presidente mexicano Santa Anna asume poderes dictatoriales y promulga una Constituci\u00f3n muy centralista basada en las Siete Leyes de 1836.<\/p>\n<p style=\"text-align: justify;\">1732- Inauguraci\u00f3n del Transparente de la Catedral de Toledo, obra del arquitecto Narciso Tom\u00e9.<\/p>\n<p style=\"text-align: justify;\">1824- El Salvador promulga la primera Constituci\u00f3n de Centroam\u00e9rica.<\/p>\n<p style=\"text-align: justify;\">1834- Se crea el Ducado de Bail\u00e9n en favor del general Casta\u00f1os, vencedor de los franceses en la batalla librada en la ciudad jiennense de ese nombre.<\/p>\n<p style=\"text-align: justify;\">1849- Fallece Ang\u00e9lica Catalani, cantante italiana.<\/p>\n<p style=\"text-align: justify;\">1865- Marcos Paz, presidente de la Confederaci\u00f3n Argentina, asume el poder ejecutivo por ausencia de Bartolom\u00e9 Mitre, quien pasa a desempe\u00f1ar el cargo de general en jefe del ej\u00e9rcito aliado.<\/p>\n<p style=\"text-align: justify;\">1872- Inauguraci\u00f3n del primer ferrocarril en Jap\u00f3n.<\/p>\n<p style=\"text-align: justify;\">1883- Se restablecen totalmente las relaciones de paz y amistad entre Chile y Espa\u00f1a.<\/p>\n<p style=\"text-align: justify;\">1886- La expedici\u00f3n Cervera-Quiroga, organizada por la Sociedad Geogr\u00e1fica Comercial Espa\u00f1ola, levanta acta de la toma de posesi\u00f3n, en nombre de Espa\u00f1a, de R\u00edo de Oro (S\u00e1hara Occidental).<\/p>\n<p style=\"text-align: justify;\">1898- El general Emilio Aguinaldo proclama la independencia de Filipinas.<\/p>\n<p style=\"text-align: justify;\">1901- El f\u00edsico franc\u00e9s Henri Becquerel hace una demostraci\u00f3n sobre radiactividad en la Academia de Ciencias de Par\u00eds.<\/p>\n<p style=\"text-align: justify;\">1903- Asciende al trono de Serbia Pedro I, de la familia de los Karajorgevich, tras el asesinato de los reyes de este pa\u00eds.<\/p>\n<p style=\"text-align: justify;\">1906- Los Reyes de Noruega Haakon VII y su esposa, la princesa Maud, son coronados en la catedral Nidaros de Trondheim.<\/p>\n<p style=\"text-align: justify;\">1910- Nace Juan Velasco Alvarado, militar y pol\u00edtico peruano.<\/p>\n<p style=\"text-align: justify;\">1911- Nace Milovan Djilas, escritor y pol\u00edtico yugoslavo.<\/p>\n<p style=\"text-align: justify;\">1915- El Salvador instituye la fiesta de la Raza para el 12 de octubre.<\/p>\n<p style=\"text-align: justify;\">1917- El Rey Constantino I de Grecia abdica en su hijo Alejandro, por presiones ejercidas por Francia en nombre de los aliados.<\/p>\n<p style=\"text-align: justify;\">&#8211; Fallece Mar\u00eda Teresa Carre\u00f1o, pianista venezolana.<\/p>\n<p style=\"text-align: justify;\">1921- Nace Luis Garc\u00eda Berlanga, cineasta espa\u00f1ol.<\/p>\n<p style=\"text-align: justify;\">1924- Nace George Herbert Walker Bush, ex presidente de EEUU.<\/p>\n<p style=\"text-align: justify;\">1926- Brasil abandona la Liga de Naciones.<\/p>\n<p style=\"text-align: justify;\">1928- Fallece Salvador D\u00edaz Mir\u00f3n, poeta mexicano.<\/p>\n<p style=\"text-align: justify;\">1931- Nace Guido di Tella, pol\u00edtico y economista argentino.<\/p>\n<p style=\"text-align: justify;\">1935- Guerra del Chaco: bolivianos y paraguayos firman el armisticio de la mayor guerra en Am\u00e9rica del siglo XX (95.000 muertos).<\/p>\n<p style=\"text-align: justify;\">1936- Nace Walter Rocco \u00abTorrebruno\u00bb Orgini, cantante y c\u00f3mico de la TV espa\u00f1ola de origen italiano.<\/p>\n<p style=\"text-align: justify;\">1938- La rotura de las presas del r\u00edo Huang-ho, en la zona de guerra chino-japonesa, ocasiona catastr\u00f3ficas inundaciones.<\/p>\n<p style=\"text-align: justify;\">1941- Nace Armando Anthony Corea \u00abChick Corea\u00bb, pianista de jazz estadounidense.<\/p>\n<p style=\"text-align: justify;\">1943- Segunda Guerra Mundial: los aliados ocupan las islas italianas de Pantellaria y Lampedusa.<\/p>\n<p style=\"text-align: justify;\">1944- Nace Joe Frazier, boxeador estadounidense.<\/p>\n<p style=\"text-align: justify;\">1948- Ginebra, designada sede de la OIT y de la primera conferencia mundial de la salud.<\/p>\n<p style=\"text-align: justify;\">1956- El general Juan Jos\u00e9 Valle, que se sublev\u00f3 contra el Gobierno provisional argentino del general Aramburu, es fusilado tras ser capturado.<\/p>\n<p style=\"text-align: justify;\">&#8211; Estalla en vuelo de prueba el misil intercontinental estadounidense \u00abAtlas\u00bb, con un supuesto alcance de 9.000 kms.<\/p>\n<p style=\"text-align: justify;\">1959- Venezuela rompe relaciones con el r\u00e9gimen de la Rep\u00fablica Dominicana.<\/p>\n<p style=\"text-align: justify;\">1960- Canonizado el nuevo santo espa\u00f1ol Juan de Ribera.<\/p>\n<p style=\"text-align: justify;\">1967- Nace Ic\u00edar Bolla\u00edn, actriz y cineasta espa\u00f1ola.<\/p>\n<p style=\"text-align: justify;\">1985- Espa\u00f1a y Portugal firman el Tratado de adhesi\u00f3n a la Comunidad Europea.<\/p>\n<p style=\"text-align: justify;\">1987- Jean Bedel Bokassa, emperador de la Rep\u00fablica Centroafricana, es condenado a muerte por asesinato, detenci\u00f3n ilegal, secuestro y malversaci\u00f3n de fondos p\u00fablicos.<\/p>\n<p style=\"text-align: justify;\">1990- El Parlamento de la URSS aprueba la Ley de Prensa y otros medios de comunicaci\u00f3n, la primera que garantiza la libertad de prensa y los derechos de los periodistas en ese pa\u00eds.<\/p>\n<p style=\"text-align: justify;\">1991- Primeras elecciones presidenciales en Rusia y victoria de Bor\u00eds Yeltsin, que obtiene el 60% de los votos.<\/p>\n<p style=\"text-align: justify;\">1994- Austria vota en refer\u00e9ndum a favor de su ingreso en la Uni\u00f3n Europea.<\/p>\n<p style=\"text-align: justify;\">1995- Letonia, Estonia y Lituania se convierten en Estados asociados a la Uni\u00f3n Europea.<\/p>\n<p style=\"text-align: justify;\">1998- Fallece Walter Rocco \u00abTorrebruno\u00bb, cantante y c\u00f3mico italiano.<\/p>\n<p style=\"text-align: justify;\">2001- Es condenado a cadena perpetua el saud\u00ed Mohamed Rashed Daoud Al Owhali, uno de los autores del atentado a la embajada de EEUU en Kenia en 1998.<\/p>\n<p style=\"text-align: justify;\">2002- La UE incluye a las Fuerzas Armadas Revolucionarias de Colombia (FARC) en su lista de organizaciones, grupos e individuos terroristas.<\/p>\n<p style=\"text-align: justify;\">&#8211; Fallece Jos\u00e9 Luis Dibildos, cineasta espa\u00f1ol.<\/p>\n<p style=\"text-align: justify;\">2003- M\u00e1s de un mill\u00f3n de personas se movilizan en La Habana frente a las embajadas de Espa\u00f1a e Italia para protestar contra las sanciones impuestas a la isla por la Uni\u00f3n Europea.<\/p>\n<p style=\"text-align: justify;\">&#8211; Fallece Gregory Peck, actor estadounidense.<\/p>\n<p style=\"text-align: justify;\">2006- Fallece Gyorgy Ligeti, compositor austr\u00edaco de origen h\u00fangaro.<\/p>\n<p style=\"text-align: justify;\">2007- Fallece Guy de Rothschild, banquero franc\u00e9s.<\/p>\n<p style=\"text-align: justify;\">2008- El 53,4 por ciento de los irlandeses rechaza en refer\u00e9ndum el Tratado de Lisboa.<\/p>\n","protected":false},"excerpt":{"rendered":"<p>En un 12 de junio como hoy, pero de 1843, el presidente mexicano Santa Anna asume poderes dictatoriales y promulga una Constituci\u00f3n muy centralista basada en las Siete Leyes de 1836. 1732- Inauguraci\u00f3n del Transparente de la Catedral de Toledo, obra del arquitecto Narciso Tom\u00e9. 1824- El Salvador promulga la primera Constituci\u00f3n de Centroam\u00e9rica. 1834-&hellip;<\/p>\n","protected":false},"author":1,"featured_media":0,"comment_status":"open","ping_status":"open","sticky":false,"template":"","format":"standard","meta":{"footnotes":""},"categories":[14],"tags":[],"class_list":["post-35369","post","type-post","status-publish","format-standard","hentry","category-efemerides"],"_links":{"self":[{"href":"https:\/\/www.elsindical.com.ar\/notas\/wp-json\/wp\/v2\/posts\/35369","targetHints":{"allow":["GET"]}}],"collection":[{"href":"https:\/\/www.elsindical.com.ar\/notas\/wp-json\/wp\/v2\/posts"}],"about":[{"href":"https:\/\/www.elsindical.com.ar\/notas\/wp-json\/wp\/v2\/types\/post"}],"author":[{"embeddable":true,"href":"https:\/\/www.elsindical.com.ar\/notas\/wp-json\/wp\/v2\/users\/1"}],"replies":[{"embeddable":true,"href":"https:\/\/www.elsindical.com.ar\/notas\/wp-json\/wp\/v2\/comments?post=35369"}],"version-history":[{"count":1,"href":"https:\/\/www.elsindical.com.ar\/notas\/wp-json\/wp\/v2\/posts\/35369\/revisions"}],"predecessor-version":[{"id":35370,"href":"https:\/\/www.elsindical.com.ar\/notas\/wp-json\/wp\/v2\/posts\/35369\/revisions\/35370"}],"wp:attachment":[{"href":"https:\/\/www.elsindical.com.ar\/notas\/wp-json\/wp\/v2\/media?parent=35369"}],"wp:term":[{"taxonomy":"category","embeddable":true,"href":"https:\/\/www.elsindical.com.ar\/notas\/wp-json\/wp\/v2\/categories?post=35369"},{"taxonomy":"post_tag","embeddable":true,"href":"https:\/\/www.elsindical.com.ar\/notas\/wp-json\/wp\/v2\/tags?post=35369"}],"curies":[{"name":"wp","href":"https:\/\/api.w.org\/{rel}","templated":true}]}}