{"id":35357,"date":"2013-06-11T16:08:06","date_gmt":"2013-06-11T19:08:06","guid":{"rendered":"http:\/\/www.elsindical.com.ar\/notas\/?p=35357"},"modified":"2013-06-11T16:08:06","modified_gmt":"2013-06-11T19:08:06","slug":"jose-leon-suarezhallaron-el-cuerpo-de-angeles-rawson-en-una-planta-de-residuos-del-ceamse","status":"publish","type":"post","link":"https:\/\/www.elsindical.com.ar\/notas\/jose-leon-suarezhallaron-el-cuerpo-de-angeles-rawson-en-una-planta-de-residuos-del-ceamse\/","title":{"rendered":"Jos\u00e9 Le\u00f3n Su\u00e1rez:Hallaron el cuerpo de \u00c1ngeles Rawson en una planta de residuos del Ceamse"},"content":{"rendered":"<div style=\"text-align: justify;\">\n<p><em><a href=\"http:\/\/www.elsindical.com.ar\/notas\/var\/www\/html\/notas\/wp-content\/uploads\/2013\/06\/\u00c1ngeles-Rawson-2.jpg\"><img loading=\"lazy\" decoding=\"async\" class=\"alignleft size-medium wp-image-35358\" alt=\"\u00c1ngeles-Rawson-2\" src=\"http:\/\/www.elsindical.com.ar\/notas\/var\/www\/html\/notas\/wp-content\/uploads\/2013\/06\/\u00c1ngeles-Rawson-2-300x200.jpg\" width=\"300\" height=\"200\" srcset=\"https:\/\/www.elsindical.com.ar\/notas\/var\/www\/html\/notas\/wp-content\/uploads\/2013\/06\/\u00c1ngeles-Rawson-2-300x200.jpg 300w, https:\/\/www.elsindical.com.ar\/notas\/var\/www\/html\/notas\/wp-content\/uploads\/2013\/06\/\u00c1ngeles-Rawson-2-449x300.jpg 449w, https:\/\/www.elsindical.com.ar\/notas\/var\/www\/html\/notas\/wp-content\/uploads\/2013\/06\/\u00c1ngeles-Rawson-2.jpg 502w\" sizes=\"auto, (max-width: 300px) 100vw, 300px\" \/><\/a>El cad\u00e1ver fue encontrado dentro de una bolsa esta ma\u00f1ana en la <strong>planta III<\/strong> de la empresa, en Jos\u00e9 Le\u00f3n Su\u00e1rez. Una familiar confirm\u00f3 que es el de <strong>la joven desaparecida ayer en Colegiales<\/strong>. Dolor e indignaci\u00f3n.<\/em><\/p>\n<p>En medio de la intensa b\u00fasqueda que las autoridades desarrollaban hoy para dar con \u00c1ngeles Rawson, operarios de la planta III del Ceamse encontraron esta ma\u00f1ana el cad\u00e1ver de una joven. <strong>Peritos<\/strong> asistieron al lugar para determinar si se trataba de la chica de 16 a\u00f1os, que desapareci\u00f3 ayer la ma\u00f1ana.<\/p>\n<p>Poco antes de las 15:30 hs., una<strong> familiar confirm\u00f3 a la prensa<\/strong> que hab\u00edan recibido de la informaci\u00f3n de que efectivamente pertenec\u00eda a \u00c1ngeles.<\/p>\n<p>El cuerpo fue descubierto dentro de una bolsa por un operario, en una zona del predio en el que los camiones descargan la basura para que luego se separe aquello que puede ser reciclado. Aparentemente, ese <strong>veh\u00edculo proven\u00eda del predio de la Cemase en Colegiales, el barrio donde fue vista por \u00faltima vez \u00c1ngeles<\/strong>.<\/p>\n<div>\n<p>La familia de \u00c1ngeles hizo la denuncia ayer en la ciudad de Buenos Aires. Fuentes policiales hab\u00edan comunicado que, al momento de su desaparici\u00f3n, la chica vest\u00eda el uniforme de gimnasia escolar del colegio Virgen del Valle. Esa prenda habr\u00eda servido para identificar el cad\u00e1ver.<\/p>\n<\/div>\n<\/div>\n","protected":false},"excerpt":{"rendered":"<p>El cad\u00e1ver fue encontrado dentro de una bolsa esta ma\u00f1ana en la planta III de la empresa, en Jos\u00e9 Le\u00f3n Su\u00e1rez. Una familiar confirm\u00f3 que es el de la joven desaparecida ayer en Colegiales. Dolor e indignaci\u00f3n. En medio de la intensa b\u00fasqueda que las autoridades desarrollaban hoy para dar con \u00c1ngeles Rawson, operarios de&hellip;<\/p>\n","protected":false},"author":1,"featured_media":0,"comment_status":"open","ping_status":"open","sticky":false,"template":"","format":"standard","meta":{"footnotes":""},"categories":[22],"tags":[3099,6313,2757,90],"class_list":["post-35357","post","type-post","status-publish","format-standard","hentry","category-policiales","tag-ceamse","tag-colegiales","tag-peritos","tag-prensa"],"_links":{"self":[{"href":"https:\/\/www.elsindical.com.ar\/notas\/wp-json\/wp\/v2\/posts\/35357","targetHints":{"allow":["GET"]}}],"collection":[{"href":"https:\/\/www.elsindical.com.ar\/notas\/wp-json\/wp\/v2\/posts"}],"about":[{"href":"https:\/\/www.elsindical.com.ar\/notas\/wp-json\/wp\/v2\/types\/post"}],"author":[{"embeddable":true,"href":"https:\/\/www.elsindical.com.ar\/notas\/wp-json\/wp\/v2\/users\/1"}],"replies":[{"embeddable":true,"href":"https:\/\/www.elsindical.com.ar\/notas\/wp-json\/wp\/v2\/comments?post=35357"}],"version-history":[{"count":1,"href":"https:\/\/www.elsindical.com.ar\/notas\/wp-json\/wp\/v2\/posts\/35357\/revisions"}],"predecessor-version":[{"id":35359,"href":"https:\/\/www.elsindical.com.ar\/notas\/wp-json\/wp\/v2\/posts\/35357\/revisions\/35359"}],"wp:attachment":[{"href":"https:\/\/www.elsindical.com.ar\/notas\/wp-json\/wp\/v2\/media?parent=35357"}],"wp:term":[{"taxonomy":"category","embeddable":true,"href":"https:\/\/www.elsindical.com.ar\/notas\/wp-json\/wp\/v2\/categories?post=35357"},{"taxonomy":"post_tag","embeddable":true,"href":"https:\/\/www.elsindical.com.ar\/notas\/wp-json\/wp\/v2\/tags?post=35357"}],"curies":[{"name":"wp","href":"https:\/\/api.w.org\/{rel}","templated":true}]}}