{"id":35354,"date":"2013-06-11T14:57:22","date_gmt":"2013-06-11T17:57:22","guid":{"rendered":"http:\/\/www.elsindical.com.ar\/notas\/?p=35354"},"modified":"2013-06-11T14:57:22","modified_gmt":"2013-06-11T17:57:22","slug":"caballitovecinos-y-ong-escrachan-prostibulo-con-proteccion-policial-y-vinculos-con-sectores-de-poder","status":"publish","type":"post","link":"https:\/\/www.elsindical.com.ar\/notas\/caballitovecinos-y-ong-escrachan-prostibulo-con-proteccion-policial-y-vinculos-con-sectores-de-poder\/","title":{"rendered":"Caballito:Vecinos y ONG escrachan prost\u00edbulo con protecci\u00f3n policial y v\u00ednculos con sectores de poder"},"content":{"rendered":"<p style=\"text-align: justify;\"><em><a href=\"http:\/\/www.elsindical.com.ar\/notas\/var\/www\/html\/notas\/wp-content\/uploads\/2013\/06\/vecinos-Caballito-de-pie.jpg\"><img loading=\"lazy\" decoding=\"async\" class=\"alignleft size-medium wp-image-35355\" alt=\"vecinos-Caballito-de-pie\" src=\"http:\/\/www.elsindical.com.ar\/notas\/var\/www\/html\/notas\/wp-content\/uploads\/2013\/06\/vecinos-Caballito-de-pie-300x206.jpg\" width=\"344\" height=\"247\" \/><\/a>Fue difundido el domingo en el programa Periodismo Para Todos. La Fundaci\u00f3n la Alameda hizo la denuncia.<\/em><\/p>\n<p style=\"text-align: justify;\">El domingo pasado, Periodismo Para Todos dej\u00f3 de lado la ruta del dinero K y mostr\u00f3 la existencia de prost\u00edbulos y redes de trata de personas con complicidad pol\u00edtica. Lejos del relato oficial que sostiene luchar en contra de la explotaci\u00f3n sexual y la trata, la presencia del Gobierno Nacional en esta problem\u00e1tica es casi nula y en algunos casos, hasta c\u00f3mplice.<\/p>\n<p style=\"text-align: justify;\">Tal es el caso del <strong>narco-prost\u00edbulo<\/strong> ubicado en el barrio de <b>Caballito<\/b>\u00a0que difundi\u00f3 Jorge Lanata en su programa y que fue denunciado por la Fundaci\u00f3n la Alameda, una de las organizaciones de la sociedad civil que trabaja, <strong>sin apoyo pol\u00edtico<\/strong>, para terminar con la red de trata de personas y la esclavitud.<\/p>\n<p style=\"text-align: justify;\">Ayer por la tarde, pocos minutos despu\u00e9s de las siete y media, los integrantes de la Fundaci\u00f3n junto con a los vecinos de la zona realizaron un escrache al departamento ubicado en la calle <strong>Y<\/strong><strong>atay al 51 <\/strong>destinado para la explotaci\u00f3n sexual y que tiene claros v\u00ednculos con la <strong>SIDE.<\/strong><\/p>\n<p style=\"text-align: justify;\">\u00abEste departamento es un eslab\u00f3n de varios que conforman una red de trata. La SIDE tiene prost\u00edbulos ac\u00e1 y est\u00e1n protegidos porque ya tienen 23 causas por violar la ley de profil\u00e1ctico, por narcotr\u00e1fico, por proxenetismo y nadie ha hecho absolutamente nada\u201d, se\u00f1al\u00f3 durante el escrache el presidente de la Fundaci\u00f3n la Alameda, Gustavo Vera y agreg\u00f3: \u201cpor eso es que con los vecinos de la cuadra y la zona estamos manifest\u00e1ndonos.<\/p>\n<p style=\"text-align: justify;\">Susana, una vecina del edificio cont\u00f3 indignada la situaci\u00f3n que viven con los vecinos: \u201cNosotros somos parte de esta movida porque <strong>vemos que esto se maneja con total impunidad <\/strong>dado que el propietario fue notificado en una reuni\u00f3n que se hizo con vecinos y la administraci\u00f3n del edificio, al principio mostr\u00f3 desconocimiento pero en la actualidad habiendo tenido un allanamiento por parte de la polic\u00eda \u00a0y una clausura de parte del Gobierno de la Ciudad e<strong>ste se\u00f1or no puede decir que desconoce<\/strong>\u201d, sentenci\u00f3.<\/p>\n<p style=\"text-align: justify;\"><strong>La denuncia.<\/strong> El edificio est\u00e1 ubicado en la calle Yatay 51 a tan s\u00f3lo dos cuadras de uno de los puntos c\u00e9ntricos m\u00e1s conocidos de la Capital Federal: Avenida la Plata y Rivadavia. En el piso 2, departamento B se instal\u00f3 <strong>hace poco m\u00e1s de dos a\u00f1os<\/strong> un prost\u00edbulo que, gracias a la denuncia de los vecinos y la Fundaci\u00f3n la Alameda, se pudo saber a trav\u00e9s de una c\u00e1mara oculta, que <strong>se dedica a la explotaci\u00f3n sexual y funciona tambi\u00e9n como aguantadero narco.<\/strong><\/p>\n<p style=\"text-align: justify;\">Seg\u00fan el informe de dominio, el due\u00f1o del departamento es <strong>Juan Jos\u00e9 Richarte <\/strong>el cual alquila por $2.200 a Guillermo Mario Eisler desde el 1 de septiembre del 2011. Seg\u00fan pudo saber la Fundaci\u00f3n la Alameda este departamento acumula\u00a0<strong>13 denuncias por proxenetismo<\/strong> y en ning\u00fan caso se avanz\u00f3.<\/p>\n<p style=\"text-align: justify;\">Este lugar funciona con <strong>venta de coca\u00edna<\/strong> abiertamente, con <strong>delivery de mujeres<\/strong> que est\u00e1n siendo explotadas sexualmente donde hay una activa participaci\u00f3n de \u00a0Juan Jos\u00e9 Richarte que es quien sostiene indirectamente el lugar porque al ser el due\u00f1o de la propiedad permite que esto suceda\u201d, se\u00f1al\u00f3 a este portal Gustavo Vera.\u00a0 <strong>V\u00ednculos con la SIDE<\/strong>. Un dato no menor es que Juan Jos\u00e9 Richarte es el padre de quien fue segundo de la SIDE en la \u00e9poca de la Alianza, <strong>Dar\u00edo Richarte<\/strong>.\u00a0 Richarte hijo, es el abogado que hoy defiende al vicepresidente de la Naci\u00f3n, <strong>Amado Boudou <\/strong>en la causa por la ex Ciccone, y tambi\u00e9n defiende al ex director ejecutivo del Organismo de control de Concesiones Viales (OCCOVI), Claudio Uberti, en la causa por narcotr\u00e1fico del dinero ejecutado por <strong>Antonini Wilson. <\/strong><\/p>\n<p style=\"text-align: justify;\"><strong>Dar\u00edo Richarte y la Universidad de Buenos Aires.<\/strong> El ex n\u00b0 2 de la SIDE, fue secretario de la UBA, y es amigo de<strong> Daniel Reposo<\/strong>, desde cuando \u00a0dirig\u00edan \u00a0la agrupaci\u00f3n universitaria Franja Morada. Richarte es Director suplente de la revista La U, que se reparte gratuitamente en la UBA, editada por EUDEBA con apoyo del empresario medi\u00e1tico oficialista <strong>Sergio Szpolski<\/strong> y el ex ministro radical y operador pol\u00edtico de los servicios de inteligencia, Enrique \u201cCoti\u201d Nosiglia.<\/p>\n<p style=\"text-align: justify;\"><strong>Red narco-prostibularia.<\/strong> El titular de la l\u00ednea de tel\u00e9fono del prost\u00edbulo que funciona en la calle Yatay se llama <strong>Guillermo Mario Eisler<\/strong> y tiene, a su vez, la titularidad de las l\u00edneas de tel\u00e9fono de tres prost\u00edbulos m\u00e1s, uno denunciado m\u00e1s de diez veces por proxenetismo. Lo que demuestra una clara red de prost\u00edbulos que se completa con los locales ubicados en Ayacucho 964 PB\u00ba 3; y en Av. Santa Fe 1114 5\u00ba piso y en el mismo edificio, departamento 3\u00ba A .<\/p>\n<p style=\"text-align: justify;\">B\u00e1rbara, otra vecina del edificio cont\u00f3 que es \u201cpermanente la entrada y salida de las chicas en la puerta\u201d. \u201cHicimos una mediaci\u00f3n a la cual yo asist\u00ed, pero el abogado del propietario me desminti\u00f3, dijo que todo era mentira y que no estaba al tanto de lo que suced\u00eda, una vez que se comprob\u00f3, nadie hizo nada\u201d, se\u00f1al\u00f3 a Perfil.com.<\/p>\n<p style=\"text-align: justify;\"><strong>M\u00e1s v\u00ednculos<\/strong>. Juan Jos\u00e9 Richarte due\u00f1o del prost\u00edbulo escrachado, tiene un estudio jur\u00eddico donde fue fundada la empresa MAGNUM RECORDS S.A. Esta entidad tiene como socios al contador y ex SIDE, <strong>Juan Jos\u00e9 Gallea<\/strong> ( actual CEO del grupo Veintitr\u00e9s y director financiero de la SIDE) y al abogado Dar\u00edo Flori\u00e1n Richarte.<\/p>\n<p style=\"text-align: justify;\">Se sabe que desde la comisar\u00eda 11 son varios los prost\u00edbulos y lugares de vente de drogas que obtienen protecci\u00f3n a cambio de dinero o coimas.<\/p>\n<p style=\"text-align: justify;\">Seg\u00fan los datos que pudo recopilar la Fundaci\u00f3n La Alameda, en el pa\u00eds hay aproximadamente 8 mil prost\u00edbulos con m\u00e1s de 60 mil mujeres explotadas sexualmente, de los cuales alrededor de mil pertenecen a la Ciudad de Buenos Aires.<\/p>\n<p style=\"text-align: justify;\">Este es el video que arm\u00f3 la Fundaci\u00f3n la Alameda para denunciar el lugar:<\/p>\n<p><iframe loading=\"lazy\" src=\"http:\/\/www.youtube.com\/embed\/sZU8bPWrBi0\" height=\"315\" width=\"560\" allowfullscreen=\"\" frameborder=\"0\"><\/iframe><\/p>\n","protected":false},"excerpt":{"rendered":"<p>Fue difundido el domingo en el programa Periodismo Para Todos. La Fundaci\u00f3n la Alameda hizo la denuncia. El domingo pasado, Periodismo Para Todos dej\u00f3 de lado la ruta del dinero K y mostr\u00f3 la existencia de prost\u00edbulos y redes de trata de personas con complicidad pol\u00edtica. Lejos del relato oficial que sostiene luchar en contra&hellip;<\/p>\n","protected":false},"author":1,"featured_media":0,"comment_status":"open","ping_status":"open","sticky":false,"template":"","format":"standard","meta":{"footnotes":""},"categories":[6],"tags":[400,8741,3067,16391,212,1159,407,6399],"class_list":["post-35354","post","type-post","status-publish","format-standard","hentry","category-denuncias","tag-caballito","tag-comisaria-11","tag-escrache","tag-juan-jose-richarte","tag-la-alameda","tag-prostibulo","tag-side","tag-venta-de-drogas"],"_links":{"self":[{"href":"https:\/\/www.elsindical.com.ar\/notas\/wp-json\/wp\/v2\/posts\/35354","targetHints":{"allow":["GET"]}}],"collection":[{"href":"https:\/\/www.elsindical.com.ar\/notas\/wp-json\/wp\/v2\/posts"}],"about":[{"href":"https:\/\/www.elsindical.com.ar\/notas\/wp-json\/wp\/v2\/types\/post"}],"author":[{"embeddable":true,"href":"https:\/\/www.elsindical.com.ar\/notas\/wp-json\/wp\/v2\/users\/1"}],"replies":[{"embeddable":true,"href":"https:\/\/www.elsindical.com.ar\/notas\/wp-json\/wp\/v2\/comments?post=35354"}],"version-history":[{"count":1,"href":"https:\/\/www.elsindical.com.ar\/notas\/wp-json\/wp\/v2\/posts\/35354\/revisions"}],"predecessor-version":[{"id":35356,"href":"https:\/\/www.elsindical.com.ar\/notas\/wp-json\/wp\/v2\/posts\/35354\/revisions\/35356"}],"wp:attachment":[{"href":"https:\/\/www.elsindical.com.ar\/notas\/wp-json\/wp\/v2\/media?parent=35354"}],"wp:term":[{"taxonomy":"category","embeddable":true,"href":"https:\/\/www.elsindical.com.ar\/notas\/wp-json\/wp\/v2\/categories?post=35354"},{"taxonomy":"post_tag","embeddable":true,"href":"https:\/\/www.elsindical.com.ar\/notas\/wp-json\/wp\/v2\/tags?post=35354"}],"curies":[{"name":"wp","href":"https:\/\/api.w.org\/{rel}","templated":true}]}}