{"id":35350,"date":"2013-06-11T14:20:55","date_gmt":"2013-06-11T17:20:55","guid":{"rendered":"http:\/\/www.elsindical.com.ar\/notas\/?p=35350"},"modified":"2013-06-11T14:20:55","modified_gmt":"2013-06-11T17:20:55","slug":"la-policia-bonaerense-ira-sin-balas-de-goma-a-las-canchas","status":"publish","type":"post","link":"https:\/\/www.elsindical.com.ar\/notas\/la-policia-bonaerense-ira-sin-balas-de-goma-a-las-canchas\/","title":{"rendered":"La Polic\u00eda bonaerense ir\u00e1 sin balas de goma a las canchas"},"content":{"rendered":"<div style=\"text-align: justify;\">\n<p><em><a href=\"http:\/\/www.elsindical.com.ar\/notas\/var\/www\/html\/notas\/wp-content\/uploads\/2013\/06\/f\u00fatbol-balas-de-goma.jpg\"><img loading=\"lazy\" decoding=\"async\" class=\"alignleft size-medium wp-image-35351\" alt=\"f\u00fatbol-balas-de-goma\" src=\"http:\/\/www.elsindical.com.ar\/notas\/var\/www\/html\/notas\/wp-content\/uploads\/2013\/06\/f\u00fatbol-balas-de-goma-300x202.jpg\" width=\"300\" height=\"202\" srcset=\"https:\/\/www.elsindical.com.ar\/notas\/var\/www\/html\/notas\/wp-content\/uploads\/2013\/06\/f\u00fatbol-balas-de-goma-300x202.jpg 300w, https:\/\/www.elsindical.com.ar\/notas\/var\/www\/html\/notas\/wp-content\/uploads\/2013\/06\/f\u00fatbol-balas-de-goma.jpg 443w\" sizes=\"auto, (max-width: 300px) 100vw, 300px\" \/><\/a>El ministro de Seguridad de la Provincia, <strong>Ricardo Casal<\/strong>, inform\u00f3 que \u00abse reemplazar\u00e1n por otros m\u00e9todos que garanticen distancias entre el tumulto y la polic\u00eda sin riesgo de vida\u00bb.<\/em><\/p>\n<p>El ministro de Justicia y Seguridad de la Provincia de Buenos Aires, <strong>Ricardo Casal<\/strong>, anticip\u00f3 esta ma\u00f1ana que a ra\u00edz de la muerte del hincha de Lan\u00fas durante el partido con Estudiantes en el Estado \u00danico de La Plata, los efectivos de<strong>\u00a0\u00abla Polic\u00eda Bonaerense no utilizar\u00e1n m\u00e1s proyectiles de los llamados no letales, como las balas de goma\u00bb<\/strong>.<\/p>\n<p><strong>\u201cPara garantizar las distancias entre el tumulto y la polic\u00eda y que no haya riesgo de vida, se retiran todos los proyectiles no letales\u201d<\/strong>, manifest\u00f3 el funcionario en declaraciones a <em>Radio Mitre<\/em>.<\/p>\n<p>La decisi\u00f3n comunicada por Casal es una de las medidas pol\u00edticas que tom\u00f3 el gobernador <strong>Daniel Scioli<\/strong>, junto a la prohibici\u00f3n de la asistencia de p\u00fablico visitante, en todas las divisionales del f\u00fatbol, a los estadios en la provincia bonaerense.<\/p>\n<p><strong>\u201cSe aplicar\u00e1n otras alternativas\u201d<\/strong>, dijo el ministro y record\u00f3 que tres polic\u00edas fueron pasados a disponibilidad tras el asesinato de <strong>Daniel Jerez<\/strong>, de 42 a\u00f1os, en el estadio, cuando se enfrentaban Estudiantes y Lan\u00fas por la 17\u00b0 fecha del Torneo.<\/p>\n<p>Los tres efectivos policiales fueron identificados como el Capit\u00e1n Roberto Lezcano, el Capit\u00e1n V\u00edctor Bacuco y el Teniente\u00a01\u00ba Jorge L\u00f3pez.<\/p>\n<\/div>\n","protected":false},"excerpt":{"rendered":"<p>El ministro de Seguridad de la Provincia, Ricardo Casal, inform\u00f3 que \u00abse reemplazar\u00e1n por otros m\u00e9todos que garanticen distancias entre el tumulto y la polic\u00eda sin riesgo de vida\u00bb. El ministro de Justicia y Seguridad de la Provincia de Buenos Aires, Ricardo Casal, anticip\u00f3 esta ma\u00f1ana que a ra\u00edz de la muerte del hincha de&hellip;<\/p>\n","protected":false},"author":1,"featured_media":0,"comment_status":"open","ping_status":"open","sticky":false,"template":"","format":"standard","meta":{"footnotes":""},"categories":[13],"tags":[16390,983,749,3852],"class_list":["post-35350","post","type-post","status-publish","format-standard","hentry","category-politica","tag-bolas-de-goma","tag-daniel-scioli","tag-policia-bonaerense","tag-ricardo-casal"],"_links":{"self":[{"href":"https:\/\/www.elsindical.com.ar\/notas\/wp-json\/wp\/v2\/posts\/35350","targetHints":{"allow":["GET"]}}],"collection":[{"href":"https:\/\/www.elsindical.com.ar\/notas\/wp-json\/wp\/v2\/posts"}],"about":[{"href":"https:\/\/www.elsindical.com.ar\/notas\/wp-json\/wp\/v2\/types\/post"}],"author":[{"embeddable":true,"href":"https:\/\/www.elsindical.com.ar\/notas\/wp-json\/wp\/v2\/users\/1"}],"replies":[{"embeddable":true,"href":"https:\/\/www.elsindical.com.ar\/notas\/wp-json\/wp\/v2\/comments?post=35350"}],"version-history":[{"count":2,"href":"https:\/\/www.elsindical.com.ar\/notas\/wp-json\/wp\/v2\/posts\/35350\/revisions"}],"predecessor-version":[{"id":35353,"href":"https:\/\/www.elsindical.com.ar\/notas\/wp-json\/wp\/v2\/posts\/35350\/revisions\/35353"}],"wp:attachment":[{"href":"https:\/\/www.elsindical.com.ar\/notas\/wp-json\/wp\/v2\/media?parent=35350"}],"wp:term":[{"taxonomy":"category","embeddable":true,"href":"https:\/\/www.elsindical.com.ar\/notas\/wp-json\/wp\/v2\/categories?post=35350"},{"taxonomy":"post_tag","embeddable":true,"href":"https:\/\/www.elsindical.com.ar\/notas\/wp-json\/wp\/v2\/tags?post=35350"}],"curies":[{"name":"wp","href":"https:\/\/api.w.org\/{rel}","templated":true}]}}