{"id":35333,"date":"2013-06-10T15:57:21","date_gmt":"2013-06-10T18:57:21","guid":{"rendered":"http:\/\/www.elsindical.com.ar\/notas\/?p=35333"},"modified":"2013-06-10T15:57:21","modified_gmt":"2013-06-10T18:57:21","slug":"bebote-alvarez-subio-a-facebook-todos-los-datos-de-cantero","status":"publish","type":"post","link":"https:\/\/www.elsindical.com.ar\/notas\/bebote-alvarez-subio-a-facebook-todos-los-datos-de-cantero\/","title":{"rendered":"\u00abBebote\u00bb \u00c1lvarez subi\u00f3 a Facebook todos los datos de Cantero"},"content":{"rendered":"<p style=\"text-align: justify;\"><em><a href=\"http:\/\/www.elsindical.com.ar\/notas\/var\/www\/html\/notas\/wp-content\/uploads\/2013\/06\/datos-Javier-Cantero.jpg\"><img loading=\"lazy\" decoding=\"async\" class=\"alignleft size-medium wp-image-35334\" alt=\"datos-Javier-Cantero\" src=\"http:\/\/www.elsindical.com.ar\/notas\/var\/www\/html\/notas\/wp-content\/uploads\/2013\/06\/datos-Javier-Cantero-300x205.jpg\" width=\"300\" height=\"205\" srcset=\"https:\/\/www.elsindical.com.ar\/notas\/var\/www\/html\/notas\/wp-content\/uploads\/2013\/06\/datos-Javier-Cantero-300x205.jpg 300w, https:\/\/www.elsindical.com.ar\/notas\/var\/www\/html\/notas\/wp-content\/uploads\/2013\/06\/datos-Javier-Cantero-437x300.jpg 437w, https:\/\/www.elsindical.com.ar\/notas\/var\/www\/html\/notas\/wp-content\/uploads\/2013\/06\/datos-Javier-Cantero.jpg 502w\" sizes=\"auto, (max-width: 300px) 100vw, 300px\" \/><\/a>El ex l\u00edder de la barra brava de Independiente public\u00f3 una imagen que muestra los n\u00fameros de tel\u00e9fono, el domicilio particular, la direcci\u00f3n del trabajo y el DNI del presidente.<\/em><\/p>\n<p style=\"text-align: justify;\"><b>Pablo \u00abBebote\u00bb \u00c1lvarez<\/b>, ex l\u00edder de la barra brava de Independiente y de conocido enfrentamiento con <b>Javier Cantero<\/b>, subi\u00f3 a Facebook todos los datos del presidente del club.<\/p>\n<p>\u00abPara que lo llames y\/o lo visites y le digas tu disconformidad. Si sos de Racing, felicitalo y si sos del Rojo, putealo\u00bb, se lee en la imagen, que a continuaci\u00f3n <b>muestra los n\u00fameros de tel\u00e9fono, el domicilio particular, la direcci\u00f3n del trabajo y el DNI de Cantero.<\/b><\/p>\n<p>Hoy alejado de la tribuna, \u00abBebote\u00bb tuvo varios cruces meses atr\u00e1s con el mandam\u00e1s del Rojo. Se recuerda aquel incidente en la sede social en el que quedaron cara a cara, hace exactamente un a\u00f1o, en junio del a\u00f1o pasado. Adem\u00e1s, el ex jefe de la barra le hizo un juicio, pero Cantero se lo gan\u00f3.<\/p>\n","protected":false},"excerpt":{"rendered":"<p>El ex l\u00edder de la barra brava de Independiente public\u00f3 una imagen que muestra los n\u00fameros de tel\u00e9fono, el domicilio particular, la direcci\u00f3n del trabajo y el DNI del presidente. Pablo \u00abBebote\u00bb \u00c1lvarez, ex l\u00edder de la barra brava de Independiente y de conocido enfrentamiento con Javier Cantero, subi\u00f3 a Facebook todos los datos del&hellip;<\/p>\n","protected":false},"author":1,"featured_media":0,"comment_status":"open","ping_status":"open","sticky":false,"template":"","format":"standard","meta":{"footnotes":""},"categories":[7],"tags":[15745,4799,11231,8746,2227,229],"class_list":["post-35333","post","type-post","status-publish","format-standard","hentry","category-deportes","tag-direccion","tag-dni","tag-javier-cantero","tag-pablo-bebote-alvarez","tag-telefonos","tag-trabajo"],"_links":{"self":[{"href":"https:\/\/www.elsindical.com.ar\/notas\/wp-json\/wp\/v2\/posts\/35333","targetHints":{"allow":["GET"]}}],"collection":[{"href":"https:\/\/www.elsindical.com.ar\/notas\/wp-json\/wp\/v2\/posts"}],"about":[{"href":"https:\/\/www.elsindical.com.ar\/notas\/wp-json\/wp\/v2\/types\/post"}],"author":[{"embeddable":true,"href":"https:\/\/www.elsindical.com.ar\/notas\/wp-json\/wp\/v2\/users\/1"}],"replies":[{"embeddable":true,"href":"https:\/\/www.elsindical.com.ar\/notas\/wp-json\/wp\/v2\/comments?post=35333"}],"version-history":[{"count":2,"href":"https:\/\/www.elsindical.com.ar\/notas\/wp-json\/wp\/v2\/posts\/35333\/revisions"}],"predecessor-version":[{"id":35336,"href":"https:\/\/www.elsindical.com.ar\/notas\/wp-json\/wp\/v2\/posts\/35333\/revisions\/35336"}],"wp:attachment":[{"href":"https:\/\/www.elsindical.com.ar\/notas\/wp-json\/wp\/v2\/media?parent=35333"}],"wp:term":[{"taxonomy":"category","embeddable":true,"href":"https:\/\/www.elsindical.com.ar\/notas\/wp-json\/wp\/v2\/categories?post=35333"},{"taxonomy":"post_tag","embeddable":true,"href":"https:\/\/www.elsindical.com.ar\/notas\/wp-json\/wp\/v2\/tags?post=35333"}],"curies":[{"name":"wp","href":"https:\/\/api.w.org\/{rel}","templated":true}]}}