{"id":35324,"date":"2013-06-10T15:09:47","date_gmt":"2013-06-10T18:09:47","guid":{"rendered":"http:\/\/www.elsindical.com.ar\/notas\/?p=35324"},"modified":"2013-06-10T15:09:47","modified_gmt":"2013-06-10T18:09:47","slug":"jueces-y-fiscales-renuncian-a-la-asociacion-de-magistrados-en-apoyo-a-la-reforma-judicial","status":"publish","type":"post","link":"https:\/\/www.elsindical.com.ar\/notas\/jueces-y-fiscales-renuncian-a-la-asociacion-de-magistrados-en-apoyo-a-la-reforma-judicial\/","title":{"rendered":"Jueces y Fiscales renuncian a la Asociaci\u00f3n de Magistrados en apoyo a la reforma judicial"},"content":{"rendered":"<p id=\"p-copete\" style=\"text-align: justify;\"><em><a href=\"http:\/\/www.elsindical.com.ar\/notas\/var\/www\/html\/notas\/wp-content\/uploads\/2013\/06\/Fiscales-y-Jueces-que-se-pasan.jpg\"><img loading=\"lazy\" decoding=\"async\" class=\"alignleft size-medium wp-image-35325\" alt=\"Fiscales-y-Jueces-que-se-pasan\" src=\"http:\/\/www.elsindical.com.ar\/notas\/var\/www\/html\/notas\/wp-content\/uploads\/2013\/06\/Fiscales-y-Jueces-que-se-pasan-300x103.jpg\" width=\"394\" height=\"173\" \/><\/a>Un grupo de jueces y fiscales decidi\u00f3 abandonar la entidad, a la que calificaron como \u201ccorporativa\u201d porque busca defender el inter\u00e9s de sus socios por sobre el de la sociedad. Migraron hacia Justicia Leg\u00edtima y plantean una reforma de fondo.\u00a0<\/em><\/p>\n<p style=\"text-align: justify;\">Las renuncias se repiten en la Asociaci\u00f3n de Magistrados y Funcionarios de la Justicia Nacional. La radicalizaci\u00f3n de un sector de la Justicia contra la elecci\u00f3n popular de los miembros del Consejo de la Magistratura sumada a la aparici\u00f3n de Justicia Leg\u00edtima como un espacio para intentar transformar desde adentro el Poder Judicial dieron impulso a la migraci\u00f3n de muchos de sus miembros que se niegan a formar parte de un grupo \u201ccorporativo, elitista y cerrado\u201d.<\/p>\n<p style=\"text-align: justify;\">Un art\u00edculo publicado hoy por P\u00e1gina\/12 recoge los testimonios de varios de los magistrados que decidieron dar un paso al costado. El fiscal Jorge Auat y los jueces federales Mario Portela, Carlos Rozanski y Adri\u00e1n Gr\u00fcnberg son algunos de los casos m\u00e1s resonantes del abandono del colectivo fundado en 1928.<\/p>\n<p style=\"text-align: justify;\">\u201cNo quiero pertenecer a un organismo que considere que el inter\u00e9s de la sociedad toda sea subalterno al de sus socios\u201d, sostuvo Auat en di\u00e1logo con el matutino, antes de se\u00f1alar al \u201cesp\u00edritu corporativo\u201d como \u201cla patolog\u00eda del sistema judicial que hay que modificar\u201d.<\/p>\n<p style=\"text-align: justify;\">El mismo concepto utiliz\u00f3 el integrante del Tribunal Oral en lo Criminal Federal de Mar del Plata, Mario Portela, quien present\u00f3 su renuncia a la Asociaci\u00f3n de Magistrados hace poco menos de medio a\u00f1o. \u201cSe trata de una asociaci\u00f3n que busca proteger m\u00e1s intereses personales que valores que hacen al buen funcionamiento de la Justicia, como por ejemplo la independencia de los jueces\u201d, afirm\u00f3.<\/p>\n<p style=\"text-align: justify;\">Uno de los puntos que termin\u00f3 por convencer a los magistrados de la conveniencia de evitar la entidad conservadora fue su lucha contra la elecci\u00f3n popular de los consejeros en el Consejo de la Magistratura: \u201cSi te aferr\u00e1s tanto a un sistema cerrado y corporativo, marca dos cosas: que no te importa la decisi\u00f3n que pueda tomar otra gente y que est\u00e1s con miedo de perder cierto privilegio que atesoraste desde siempre. Todo esto se mantiene garantizado cuando vos te asegur\u00e1s que quienes te reemplacen siempre provengan del sector que est\u00e1s representando\u201d, explic\u00f3 Rozanski a P\u00e1gina\/12.<\/p>\n<p style=\"text-align: justify;\">Otro de los portazos fue dado por Gr\u00fcnberg, quien se fue de la Asociaci\u00f3n de Magistrados en abril de 2010, cuando entendi\u00f3 que actuaba \u201ccon un claro direccionamiento hacia la postura pol\u00edtica de los medios hegem\u00f3nicos\u201d. \u201cNo estaba de acuerdo con la actuaci\u00f3n pol\u00edtica partidaria de la asociaci\u00f3n, ya que creo que no corresponde a un colectivo. Yo no quise ser parte de eso\u201d.<\/p>\n<p style=\"text-align: justify;\">Para dar el debate necesario puertas adentro naci\u00f3 hace poco m\u00e1s de 15 d\u00edas la Asociaci\u00f3n Civil Justicia Leg\u00edtima. \u201cLa propuesta es instalar un debate sobre cu\u00e1les son los problemas que tenemos, cu\u00e1l es el modelo de Justicia que necesitamos en consonancia con los tiempos econ\u00f3micos, pol\u00edticos y sociales actuales. Tenemos 30 a\u00f1os de democracia, hay que pensar en c\u00f3mo atravesar democr\u00e1ticamente al Poder Judicial\u201d, remat\u00f3 Auat.<\/p>\n","protected":false},"excerpt":{"rendered":"<p>Un grupo de jueces y fiscales decidi\u00f3 abandonar la entidad, a la que calificaron como \u201ccorporativa\u201d porque busca defender el inter\u00e9s de sus socios por sobre el de la sociedad. Migraron hacia Justicia Leg\u00edtima y plantean una reforma de fondo.\u00a0 Las renuncias se repiten en la Asociaci\u00f3n de Magistrados y Funcionarios de la Justicia Nacional.&hellip;<\/p>\n","protected":false},"author":1,"featured_media":0,"comment_status":"open","ping_status":"open","sticky":false,"template":"","format":"standard","meta":{"footnotes":""},"categories":[20],"tags":[16380,1538,14835,16378,16379],"class_list":["post-35324","post","type-post","status-publish","format-standard","hentry","category-judiciales","tag-adrian-grunberg","tag-asociacion-de-magistrados","tag-carlos-rozanski","tag-jorge-auat","tag-mario-portela"],"_links":{"self":[{"href":"https:\/\/www.elsindical.com.ar\/notas\/wp-json\/wp\/v2\/posts\/35324","targetHints":{"allow":["GET"]}}],"collection":[{"href":"https:\/\/www.elsindical.com.ar\/notas\/wp-json\/wp\/v2\/posts"}],"about":[{"href":"https:\/\/www.elsindical.com.ar\/notas\/wp-json\/wp\/v2\/types\/post"}],"author":[{"embeddable":true,"href":"https:\/\/www.elsindical.com.ar\/notas\/wp-json\/wp\/v2\/users\/1"}],"replies":[{"embeddable":true,"href":"https:\/\/www.elsindical.com.ar\/notas\/wp-json\/wp\/v2\/comments?post=35324"}],"version-history":[{"count":2,"href":"https:\/\/www.elsindical.com.ar\/notas\/wp-json\/wp\/v2\/posts\/35324\/revisions"}],"predecessor-version":[{"id":35327,"href":"https:\/\/www.elsindical.com.ar\/notas\/wp-json\/wp\/v2\/posts\/35324\/revisions\/35327"}],"wp:attachment":[{"href":"https:\/\/www.elsindical.com.ar\/notas\/wp-json\/wp\/v2\/media?parent=35324"}],"wp:term":[{"taxonomy":"category","embeddable":true,"href":"https:\/\/www.elsindical.com.ar\/notas\/wp-json\/wp\/v2\/categories?post=35324"},{"taxonomy":"post_tag","embeddable":true,"href":"https:\/\/www.elsindical.com.ar\/notas\/wp-json\/wp\/v2\/tags?post=35324"}],"curies":[{"name":"wp","href":"https:\/\/api.w.org\/{rel}","templated":true}]}}