{"id":35272,"date":"2013-06-07T23:24:30","date_gmt":"2013-06-08T02:24:30","guid":{"rendered":"http:\/\/www.elsindical.com.ar\/notas\/?p=35272"},"modified":"2013-06-07T23:24:30","modified_gmt":"2013-06-08T02:24:30","slug":"rescataron-a-una-victima-de-trata-y-detuvieron-a-dos-hombres","status":"publish","type":"post","link":"https:\/\/www.elsindical.com.ar\/notas\/rescataron-a-una-victima-de-trata-y-detuvieron-a-dos-hombres\/","title":{"rendered":"Rescataron a una v\u00edctima de trata y detuvieron a dos hombres"},"content":{"rendered":"<p style=\"text-align: justify;\"><em><a href=\"http:\/\/www.elsindical.com.ar\/notas\/var\/www\/html\/notas\/wp-content\/uploads\/2009\/11\/trata-de-menores.jpg\"><img loading=\"lazy\" decoding=\"async\" class=\"alignleft size-full wp-image-1959\" alt=\"trata-de-menores\" src=\"http:\/\/www.elsindical.com.ar\/notas\/var\/www\/html\/notas\/wp-content\/uploads\/2009\/11\/trata-de-menores.jpg\" width=\"333\" height=\"219\" \/><\/a>Una menor de 17 a\u00f1os, del norte salte\u00f1o, que hab\u00eda sido captada a trav\u00e9s de una red social por una red de trata de personas, fue rescatada en Buenos Aires por personal policial y de Gendarmer\u00eda Nacional, que adem\u00e1s logr\u00f3 la detenci\u00f3n de dos sujetos de 39 y 66 a\u00f1os.<\/em><\/p>\n<p style=\"text-align: justify;\">Una menor de 17 a\u00f1os, del norte salte\u00f1o, que hab\u00eda sido captada a trav\u00e9s de una red social por una red de trata de personas, fue rescatada en Buenos Aires por personal policial y de Gendarmer\u00eda Nacional, que adem\u00e1s logr\u00f3 la detenci\u00f3n de dos sujetos de 39 y 66 a\u00f1os.<\/p>\n<p>Fuentes policiales informaron hoy que una mujer de 31 a\u00f1os domiciliada en el barrio Estaci\u00f3n, de la ciudad norte\u00f1a de San Ram\u00f3n de la Nueva Or\u00e1n, denunci\u00f3 en la madrugada de ayer que su hija, de 17 a\u00f1os, hab\u00eda desaparecido de su domicilio desde temprano.<\/p>\n<p>Asimismo, coment\u00f3 que, alrededor de las 18:30 hs.\u00a0de la tarde anterior, mantuvo una comunicaci\u00f3n telef\u00f3nica con la joven.<\/p>\n<p>De esa manera, la menor le anunci\u00f3 a su madre que estaba viajando hacia Buenos Aires para encontrarse con un joven con el que hab\u00eda iniciado una relaci\u00f3n por medio de la red social Facebook y que le hab\u00eda enviado los pasajes para que se pudieran encontrar.<\/p>\n<p>De inmediato, la Divisi\u00f3n Trata de Personas y Asistencia a sus V\u00edctimas se puso en contacto con sus pares de las provincias de C\u00f3rdoba y Santa Fe, para realizar seguimiento de la menor al momento de su paso por estos lugares.<\/p>\n<p>Adem\u00e1s, se coordin\u00f3 con la Unidad Especial de Procedimientos Judiciales de Gendarmer\u00eda Nacional una serie de acciones a desarrollar en puntos como Retiro y Liniers, de la Ciudad Aut\u00f3noma de Buenos Aires.<\/p>\n<p>Es as\u00ed que los efectivos de la fuerza federal registraron, en primera instancia, el paso de la menor por Retiro, y efectuaron un acompa\u00f1amiento encubierto hacia Liniers, donde se procedi\u00f3 a la demora de dos personas que aguardaban su llegada.<\/p>\n<p>El primero de los detenidos es un hombre de 39 a\u00f1os y oriundo de la localidad de Salvador Mazza, de la frontera entre Salta y Bolivia, mientras que el segundo tiene 66 a\u00f1os y est\u00e1 domiciliado en la provincia de Buenos Aires.<\/p>\n<p>Los voceros precisaron que se dio intervenci\u00f3n al Gabinete de Rescate y Asistencia a las Victimas dependiente de la Secretar\u00eda de Derechos Humanos de Salta, para el correspondiente acompa\u00f1amiento de la menor.<\/p>\n<p>En tanto, se realizan las diligencias administrativas correspondientes ante el juez Federal de Or\u00e1n, Ra\u00fal Reynoso, para el traslado de los detenidos y de la menor a esa ciudad, a la vez que se labraron actuaciones por Infracci\u00f3n a la Ley 26.634, de Trata de personas.<\/p>\n","protected":false},"excerpt":{"rendered":"<p>Una menor de 17 a\u00f1os, del norte salte\u00f1o, que hab\u00eda sido captada a trav\u00e9s de una red social por una red de trata de personas, fue rescatada en Buenos Aires por personal policial y de Gendarmer\u00eda Nacional, que adem\u00e1s logr\u00f3 la detenci\u00f3n de dos sujetos de 39 y 66 a\u00f1os. Una menor de 17 a\u00f1os,&hellip;<\/p>\n","protected":false},"author":1,"featured_media":0,"comment_status":"open","ping_status":"open","sticky":false,"template":"","format":"standard","meta":{"footnotes":""},"categories":[22],"tags":[154,219,1429,1878,315],"class_list":["post-35272","post","type-post","status-publish","format-standard","hentry","category-policiales","tag-buenos-aires","tag-facebook","tag-gendarmeria-nacional","tag-liniers","tag-trata-de-personas"],"_links":{"self":[{"href":"https:\/\/www.elsindical.com.ar\/notas\/wp-json\/wp\/v2\/posts\/35272","targetHints":{"allow":["GET"]}}],"collection":[{"href":"https:\/\/www.elsindical.com.ar\/notas\/wp-json\/wp\/v2\/posts"}],"about":[{"href":"https:\/\/www.elsindical.com.ar\/notas\/wp-json\/wp\/v2\/types\/post"}],"author":[{"embeddable":true,"href":"https:\/\/www.elsindical.com.ar\/notas\/wp-json\/wp\/v2\/users\/1"}],"replies":[{"embeddable":true,"href":"https:\/\/www.elsindical.com.ar\/notas\/wp-json\/wp\/v2\/comments?post=35272"}],"version-history":[{"count":1,"href":"https:\/\/www.elsindical.com.ar\/notas\/wp-json\/wp\/v2\/posts\/35272\/revisions"}],"predecessor-version":[{"id":35273,"href":"https:\/\/www.elsindical.com.ar\/notas\/wp-json\/wp\/v2\/posts\/35272\/revisions\/35273"}],"wp:attachment":[{"href":"https:\/\/www.elsindical.com.ar\/notas\/wp-json\/wp\/v2\/media?parent=35272"}],"wp:term":[{"taxonomy":"category","embeddable":true,"href":"https:\/\/www.elsindical.com.ar\/notas\/wp-json\/wp\/v2\/categories?post=35272"},{"taxonomy":"post_tag","embeddable":true,"href":"https:\/\/www.elsindical.com.ar\/notas\/wp-json\/wp\/v2\/tags?post=35272"}],"curies":[{"name":"wp","href":"https:\/\/api.w.org\/{rel}","templated":true}]}}