{"id":35264,"date":"2013-06-07T22:51:37","date_gmt":"2013-06-08T01:51:37","guid":{"rendered":"http:\/\/www.elsindical.com.ar\/notas\/?p=35264"},"modified":"2013-06-07T22:51:37","modified_gmt":"2013-06-08T01:51:37","slug":"la-policia-federal-detuvo-a-maxi-mazzaro","status":"publish","type":"post","link":"https:\/\/www.elsindical.com.ar\/notas\/la-policia-federal-detuvo-a-maxi-mazzaro\/","title":{"rendered":"La Polic\u00eda Federal detuvo a Maxi Mazzaro"},"content":{"rendered":"<p style=\"text-align: justify;\"><em><a href=\"http:\/\/www.elsindical.com.ar\/notas\/var\/www\/html\/notas\/wp-content\/uploads\/2013\/01\/Maximiliano-Mazzaro.jpg\"><img loading=\"lazy\" decoding=\"async\" class=\"alignleft size-medium wp-image-31636\" alt=\"Maximiliano-Mazzaro\" src=\"http:\/\/www.elsindical.com.ar\/notas\/var\/www\/html\/notas\/wp-content\/uploads\/2013\/01\/Maximiliano-Mazzaro-300x169.jpg\" width=\"300\" height=\"169\" srcset=\"https:\/\/www.elsindical.com.ar\/notas\/var\/www\/html\/notas\/wp-content\/uploads\/2013\/01\/Maximiliano-Mazzaro-300x169.jpg 300w, https:\/\/www.elsindical.com.ar\/notas\/var\/www\/html\/notas\/wp-content\/uploads\/2013\/01\/Maximiliano-Mazzaro-500x281.jpg 500w, https:\/\/www.elsindical.com.ar\/notas\/var\/www\/html\/notas\/wp-content\/uploads\/2013\/01\/Maximiliano-Mazzaro.jpg 502w\" sizes=\"auto, (max-width: 300px) 100vw, 300px\" \/><\/a>El jefe de la &#8217;12&#8217;, que hab\u00eda quedado a cargo de la barrabrava tras el encarcelamiento de <strong>Mauro Mart\u00edn<\/strong>, implicado por el crimen de<strong> Ernesto Cirino<\/strong>, fue atrapado por efectivos policiales en la esquina de\u00a0<strong>Avenida 9 de Julio y Chile.<\/strong>\u00a0Esto ocurre, sospechosamente, un d\u00eda despu\u00e9s que la Justicia dejara en libertad a todos los &#8216;barras&#8217; y al dirigente de Boca implicados en la causa de los carnets &#8216;truchos&#8217;. <strong>\u00bfMazzaro y su tel\u00e9fono ya no eran &#8216;\u00fatiles&#8217; en libertad?<\/strong>.<\/em><\/p>\n<p style=\"text-align: justify;\">Por el crimen de <strong>Ernesto Cirino<\/strong>, el jefe de la barrabrava de Boca, <strong>Mauro Mart\u00edn<\/strong>, fue apresado. La Polic\u00eda intent\u00f3 dar con el paradero de <strong>Maximiliano Mazzaro<\/strong>, su mano derecha hasta entonces, pero no logr\u00f3 tener suerte en su cometido. En medio cayeron varios violentos de la facci\u00f3n perteneciente a Mart\u00edn e incluso el ex arquero de San Lorenzo, <strong>Pablo Migliore<\/strong>, estuvo vinculado al caso como c\u00f3mplice por encubrimiento de Mazzaro.<\/p>\n<p>Horas despu\u00e9s de que se confirmara que el <em>APREVIDE<\/em> prohib\u00eda la presencia del p\u00fablico de Boca en el partido con Racing de este fin de semana (los rumores indican que <strong>Rafael Di Zeo<\/strong>, ex l\u00edder de la \u201812\u2019, ten\u00eda pensado concurrir y hasta ya se hab\u00eda hecho con entre 800 y 1.200 entradas para el encuentro, cedidas por la dirigencia), cay\u00f3 el propio Mazzaro en pleno centro de Buenos Aires.<\/p>\n<p>Precisamente en la intersecci\u00f3n de <strong>Avenida 9 de Julio y Chile<\/strong>, uno de los \u2018peces gordos\u2019 del grupo de violentos \u201cxeneize\u201d fue detenidos por efectivos que procedieron a demorarlo. En el \u00faltimo tiempo no hab\u00eda podido presenciar partidos de Boca e incluso hasta en alguna oportunidad se dijo que se disfraz\u00f3 para no ausentarse. <strong>No se conocieron m\u00e1s detalles acerca de la detenci\u00f3n pero s\u00ed sali\u00f3 a la luz que con el correr de las horas ser\u00e1 indagado por el juez De Campos, quien llev\u00f3 a cabo la causa por asociaci\u00f3n il\u00edcita de la barra y los carnets truchos.<\/strong><\/p>\n<p>Lo que resulta extra\u00f1o es que justamente un d\u00edas despu\u00e9s de que dejaran en libertad a todos los violentos y miembros de la CD que estaban implicados en esta cuesti\u00f3n, cay\u00f3 Mazzaro, en un lugar p\u00fablico. <strong>\u00bfEsperaban escuchar m\u00e1s conversaciones entre los barrabravas antes de salir en su b\u00fasqueda?<\/strong><\/p>\n","protected":false},"excerpt":{"rendered":"<p>El jefe de la &#8217;12&#8217;, que hab\u00eda quedado a cargo de la barrabrava tras el encarcelamiento de Mauro Mart\u00edn, implicado por el crimen de Ernesto Cirino, fue atrapado por efectivos policiales en la esquina de\u00a0Avenida 9 de Julio y Chile.\u00a0Esto ocurre, sospechosamente, un d\u00eda despu\u00e9s que la Justicia dejara en libertad a todos los &#8216;barras&#8217;&hellip;<\/p>\n","protected":false},"author":1,"featured_media":0,"comment_status":"open","ping_status":"open","sticky":false,"template":"","format":"standard","meta":{"footnotes":""},"categories":[22],"tags":[13789,8922,15712,15713,502,5934],"class_list":["post-35264","post","type-post","status-publish","format-standard","hentry","category-policiales","tag-aprevide","tag-mauro-martin","tag-maxi-mazzaro","tag-pablo-migliore","tag-policia-federal-argentina","tag-rafael-di-zeo"],"_links":{"self":[{"href":"https:\/\/www.elsindical.com.ar\/notas\/wp-json\/wp\/v2\/posts\/35264","targetHints":{"allow":["GET"]}}],"collection":[{"href":"https:\/\/www.elsindical.com.ar\/notas\/wp-json\/wp\/v2\/posts"}],"about":[{"href":"https:\/\/www.elsindical.com.ar\/notas\/wp-json\/wp\/v2\/types\/post"}],"author":[{"embeddable":true,"href":"https:\/\/www.elsindical.com.ar\/notas\/wp-json\/wp\/v2\/users\/1"}],"replies":[{"embeddable":true,"href":"https:\/\/www.elsindical.com.ar\/notas\/wp-json\/wp\/v2\/comments?post=35264"}],"version-history":[{"count":2,"href":"https:\/\/www.elsindical.com.ar\/notas\/wp-json\/wp\/v2\/posts\/35264\/revisions"}],"predecessor-version":[{"id":35266,"href":"https:\/\/www.elsindical.com.ar\/notas\/wp-json\/wp\/v2\/posts\/35264\/revisions\/35266"}],"wp:attachment":[{"href":"https:\/\/www.elsindical.com.ar\/notas\/wp-json\/wp\/v2\/media?parent=35264"}],"wp:term":[{"taxonomy":"category","embeddable":true,"href":"https:\/\/www.elsindical.com.ar\/notas\/wp-json\/wp\/v2\/categories?post=35264"},{"taxonomy":"post_tag","embeddable":true,"href":"https:\/\/www.elsindical.com.ar\/notas\/wp-json\/wp\/v2\/tags?post=35264"}],"curies":[{"name":"wp","href":"https:\/\/api.w.org\/{rel}","templated":true}]}}