{"id":35194,"date":"2013-06-05T18:15:10","date_gmt":"2013-06-05T21:15:10","guid":{"rendered":"http:\/\/www.elsindical.com.ar\/notas\/?p=35194"},"modified":"2013-06-05T18:15:10","modified_gmt":"2013-06-05T21:15:10","slug":"caserosmotochorros-les-robaron-armas-chalecos-y-el-auto-a-tres-mujeres-policias","status":"publish","type":"post","link":"https:\/\/www.elsindical.com.ar\/notas\/caserosmotochorros-les-robaron-armas-chalecos-y-el-auto-a-tres-mujeres-policias\/","title":{"rendered":"Caseros:\u00bbMotochorros\u00bb les robaron armas, chalecos y el auto a tres mujeres polic\u00edas"},"content":{"rendered":"<p style=\"text-align: justify;\"><em><a href=\"http:\/\/www.elsindical.com.ar\/notas\/var\/www\/html\/notas\/wp-content\/uploads\/2013\/06\/chaleco-polic\u00eda-BA.jpg\"><img loading=\"lazy\" decoding=\"async\" class=\"alignleft size-medium wp-image-35195\" alt=\"chaleco-polic\u00eda-BA\" src=\"http:\/\/www.elsindical.com.ar\/notas\/var\/www\/html\/notas\/wp-content\/uploads\/2013\/06\/chaleco-polic\u00eda-BA-300x204.jpg\" width=\"300\" height=\"204\" srcset=\"https:\/\/www.elsindical.com.ar\/notas\/var\/www\/html\/notas\/wp-content\/uploads\/2013\/06\/chaleco-polic\u00eda-BA-300x204.jpg 300w, https:\/\/www.elsindical.com.ar\/notas\/var\/www\/html\/notas\/wp-content\/uploads\/2013\/06\/chaleco-polic\u00eda-BA.jpg 325w\" sizes=\"auto, (max-width: 300px) 100vw, 300px\" \/><\/a>El robo fue cometido cuando dos ladrones armados, que andaban en una moto de potente cilindrada, interceptaron el paso de un auto Ford Ka conducido por una subteniente uniformada que era acompa\u00f1ada por dos sargentos mujeres.<\/em><\/p>\n<p style=\"text-align: justify;\">Tres mujeres polic\u00edas fueron asaltadas donde dos \u00abmotochorros\u00bb se llevaron sus armas, los chalecos antibalas, los equipos de comunicaci\u00f3n y el auto en el que se movilizaban, que luego fue abandonado en una villa de emergencia.<\/p>\n<p>Despu\u00e9s del robo, los ladrones fueron interceptados por un suboficial que patrullaba la zona, con el que se enfrentaron a los tiros.<\/p>\n<p>El hecho termin\u00f3 cuando los ladrones escaparon en el auto de la oficial de polic\u00eda, que fue encontrado abandonado en el interior de la villa Carlos Gardel.<\/p>\n<p>Tom\u00f3 intervenci\u00f3n la comisar\u00eda de Tres de Febrero primera, donde se instruyeron actuaciones por \u00abrobo, calificado por el empleo de arma de fuego, robo de automotor y atentado y resistencia a la autoridad\u00bb.<\/p>\n","protected":false},"excerpt":{"rendered":"<p>El robo fue cometido cuando dos ladrones armados, que andaban en una moto de potente cilindrada, interceptaron el paso de un auto Ford Ka conducido por una subteniente uniformada que era acompa\u00f1ada por dos sargentos mujeres. Tres mujeres polic\u00edas fueron asaltadas donde dos \u00abmotochorros\u00bb se llevaron sus armas, los chalecos antibalas, los equipos de comunicaci\u00f3n&hellip;<\/p>\n","protected":false},"author":1,"featured_media":0,"comment_status":"open","ping_status":"open","sticky":false,"template":"","format":"standard","meta":{"footnotes":""},"categories":[22],"tags":[424,7050,308,118,10975,4263],"class_list":["post-35194","post","type-post","status-publish","format-standard","hentry","category-policiales","tag-armas","tag-chalecos","tag-motochorros","tag-policias","tag-tres-de-febrero","tag-villa-carlos-gardel"],"_links":{"self":[{"href":"https:\/\/www.elsindical.com.ar\/notas\/wp-json\/wp\/v2\/posts\/35194","targetHints":{"allow":["GET"]}}],"collection":[{"href":"https:\/\/www.elsindical.com.ar\/notas\/wp-json\/wp\/v2\/posts"}],"about":[{"href":"https:\/\/www.elsindical.com.ar\/notas\/wp-json\/wp\/v2\/types\/post"}],"author":[{"embeddable":true,"href":"https:\/\/www.elsindical.com.ar\/notas\/wp-json\/wp\/v2\/users\/1"}],"replies":[{"embeddable":true,"href":"https:\/\/www.elsindical.com.ar\/notas\/wp-json\/wp\/v2\/comments?post=35194"}],"version-history":[{"count":1,"href":"https:\/\/www.elsindical.com.ar\/notas\/wp-json\/wp\/v2\/posts\/35194\/revisions"}],"predecessor-version":[{"id":35196,"href":"https:\/\/www.elsindical.com.ar\/notas\/wp-json\/wp\/v2\/posts\/35194\/revisions\/35196"}],"wp:attachment":[{"href":"https:\/\/www.elsindical.com.ar\/notas\/wp-json\/wp\/v2\/media?parent=35194"}],"wp:term":[{"taxonomy":"category","embeddable":true,"href":"https:\/\/www.elsindical.com.ar\/notas\/wp-json\/wp\/v2\/categories?post=35194"},{"taxonomy":"post_tag","embeddable":true,"href":"https:\/\/www.elsindical.com.ar\/notas\/wp-json\/wp\/v2\/tags?post=35194"}],"curies":[{"name":"wp","href":"https:\/\/api.w.org\/{rel}","templated":true}]}}