{"id":35178,"date":"2013-06-05T09:52:24","date_gmt":"2013-06-05T12:52:24","guid":{"rendered":"http:\/\/www.elsindical.com.ar\/notas\/?p=35178"},"modified":"2013-06-05T09:52:24","modified_gmt":"2013-06-05T12:52:24","slug":"san-martinun-intento-de-robo-a-un-cajero-provoco-un-tiroteo-con-la-policia","status":"publish","type":"post","link":"https:\/\/www.elsindical.com.ar\/notas\/san-martinun-intento-de-robo-a-un-cajero-provoco-un-tiroteo-con-la-policia\/","title":{"rendered":"San Mart\u00edn:Un intento de robo a un cajero provoc\u00f3 un tiroteo con la Polic\u00eda"},"content":{"rendered":"<div style=\"text-align: justify;\">\n<p><em><a href=\"http:\/\/www.elsindical.com.ar\/notas\/var\/www\/html\/notas\/wp-content\/uploads\/2013\/06\/estaci\u00f3n-de-servicio-robo-San-Mart\u00edn.jpg\"><img loading=\"lazy\" decoding=\"async\" class=\"alignleft size-medium wp-image-35179\" alt=\"estaci\u00f3n-de-servicio-robo-San-Mart\u00edn\" src=\"http:\/\/www.elsindical.com.ar\/notas\/var\/www\/html\/notas\/wp-content\/uploads\/2013\/06\/estaci\u00f3n-de-servicio-robo-San-Mart\u00edn-300x153.jpg\" width=\"363\" height=\"194\" \/><\/a>Al menos seis delincuentes movilizados en dos autos de alta gama irrumpieron en una estaci\u00f3n de servicio. <strong>Rompieron un vidrio e intentaron sacarlo con un hacha<\/strong>. Tras el tiroteo, los ladrones se dieron a la fuga.<\/em><\/p>\n<p>Una banda de al menos seis delincuentes armados y encapuchados se enfrent\u00f3 esta madrugada <strong>a tiros con la Polic\u00eda en plena estaci\u00f3n de servicio<\/strong> en la localidad bonaerense de San Mart\u00edn.<\/p>\n<p>Todo comenz\u00f3 cuando los ladrones irrumpieron en el lugar en un <strong>Mercedes y un Audi <\/strong>y se dirigieron directamente a la garita donde estaba el guardia de seguridad.<strong> Luego lo llevaron a la cabina donde estaba el cajero autom\u00e1tico, y al ver que la puerta estaba cerrada, rompieron el vidrio con una barra de metal<\/strong>.<\/p>\n<p>Una vez accedieron, intentaron sacar el cajero con un hacha y atarlo con una soga. En ese momento, efectivos de la Polic\u00eda bonaerense que hac\u00edan el patrullaje en la zona llegaron a la estaci\u00f3n de servicio y al ver la situaci\u00f3n, se inici\u00f3 un intenso tiroteo. Uno de los disparos impact\u00f3 en un micro que estaba estacionado y en otro veh\u00edculo.<\/p>\n<p>Despu\u00e9s de algunos minutos y luego de ver su intento frustrado, la banda se dio a la fuga y se inici\u00f3 una persecuci\u00f3n por la avenida San martin hasta General Paz. Finalmente la banda logr\u00f3 huir por el barrio de Liniers y son intensamente biscados por las autoridades, confirm\u00f3 Walter Golia, jefe distrital de San Mart\u00edn.<\/p>\n<\/div>\n","protected":false},"excerpt":{"rendered":"<p>Al menos seis delincuentes movilizados en dos autos de alta gama irrumpieron en una estaci\u00f3n de servicio. Rompieron un vidrio e intentaron sacarlo con un hacha. Tras el tiroteo, los ladrones se dieron a la fuga. Una banda de al menos seis delincuentes armados y encapuchados se enfrent\u00f3 esta madrugada a tiros con la Polic\u00eda&hellip;<\/p>\n","protected":false},"author":1,"featured_media":0,"comment_status":"open","ping_status":"open","sticky":false,"template":"","format":"standard","meta":{"footnotes":""},"categories":[22],"tags":[1333,820,238],"class_list":["post-35178","post","type-post","status-publish","format-standard","hentry","category-policiales","tag-ladrones","tag-san-martin","tag-tiroteo"],"_links":{"self":[{"href":"https:\/\/www.elsindical.com.ar\/notas\/wp-json\/wp\/v2\/posts\/35178","targetHints":{"allow":["GET"]}}],"collection":[{"href":"https:\/\/www.elsindical.com.ar\/notas\/wp-json\/wp\/v2\/posts"}],"about":[{"href":"https:\/\/www.elsindical.com.ar\/notas\/wp-json\/wp\/v2\/types\/post"}],"author":[{"embeddable":true,"href":"https:\/\/www.elsindical.com.ar\/notas\/wp-json\/wp\/v2\/users\/1"}],"replies":[{"embeddable":true,"href":"https:\/\/www.elsindical.com.ar\/notas\/wp-json\/wp\/v2\/comments?post=35178"}],"version-history":[{"count":1,"href":"https:\/\/www.elsindical.com.ar\/notas\/wp-json\/wp\/v2\/posts\/35178\/revisions"}],"predecessor-version":[{"id":35180,"href":"https:\/\/www.elsindical.com.ar\/notas\/wp-json\/wp\/v2\/posts\/35178\/revisions\/35180"}],"wp:attachment":[{"href":"https:\/\/www.elsindical.com.ar\/notas\/wp-json\/wp\/v2\/media?parent=35178"}],"wp:term":[{"taxonomy":"category","embeddable":true,"href":"https:\/\/www.elsindical.com.ar\/notas\/wp-json\/wp\/v2\/categories?post=35178"},{"taxonomy":"post_tag","embeddable":true,"href":"https:\/\/www.elsindical.com.ar\/notas\/wp-json\/wp\/v2\/tags?post=35178"}],"curies":[{"name":"wp","href":"https:\/\/api.w.org\/{rel}","templated":true}]}}