{"id":35160,"date":"2013-06-04T13:26:39","date_gmt":"2013-06-04T16:26:39","guid":{"rendered":"http:\/\/www.elsindical.com.ar\/notas\/?p=35160"},"modified":"2013-06-04T13:26:39","modified_gmt":"2013-06-04T16:26:39","slug":"pamela-anderson-una-diosa-que-erotiza-a-los-45","status":"publish","type":"post","link":"https:\/\/www.elsindical.com.ar\/notas\/pamela-anderson-una-diosa-que-erotiza-a-los-45\/","title":{"rendered":"Pamela Anderson, una diosa que erotiza a los 45"},"content":{"rendered":"<p style=\"text-align: justify;\"><em><a href=\"http:\/\/www.elsindical.com.ar\/notas\/var\/www\/html\/notas\/wp-content\/uploads\/2013\/06\/Pamela-Anderson-Vogue-01.jpg\"><img loading=\"lazy\" decoding=\"async\" class=\"alignleft size-medium wp-image-35161\" alt=\"Pamela-Anderson-Vogue-01\" src=\"http:\/\/www.elsindical.com.ar\/notas\/var\/www\/html\/notas\/wp-content\/uploads\/2013\/06\/Pamela-Anderson-Vogue-01-300x200.jpg\" width=\"300\" height=\"200\" srcset=\"https:\/\/www.elsindical.com.ar\/notas\/var\/www\/html\/notas\/wp-content\/uploads\/2013\/06\/Pamela-Anderson-Vogue-01-300x200.jpg 300w, https:\/\/www.elsindical.com.ar\/notas\/var\/www\/html\/notas\/wp-content\/uploads\/2013\/06\/Pamela-Anderson-Vogue-01-449x300.jpg 449w, https:\/\/www.elsindical.com.ar\/notas\/var\/www\/html\/notas\/wp-content\/uploads\/2013\/06\/Pamela-Anderson-Vogue-01.jpg 502w\" sizes=\"auto, (max-width: 300px) 100vw, 300px\" \/><\/a>De frente, de perfil, de atr\u00e1s&#8230; la ex chica Baywatch calent\u00f3 la arena de una playa de Brasil. Fotos que ilustran Vogue, gracias al lente de Mario Testino.<\/em><\/p>\n<p style=\"text-align: justify;\">La belleza no tiene edad&#8230; al menos para Pamela Anderson que se mostr\u00f3 m\u00e1s sexy que nunca a los 45 a\u00f1os. S\u00ed, la ba\u00f1era m\u00e1s sexy de Baywatch realiz\u00f3 una sesi\u00f3n hot con el fot\u00f3grafo Mario Testino.<\/p>\n<p>El objetivo del peruano es uno de los habituales en Vogue y en Vanity Fair y esta vez, las fotos fueron para la portada de la primera revista mencionada.<\/p>\n<p>Hace rato que Pamela no se dejaba fotografiar en pose sexy para una revista, pero eligi\u00f3 a un n\u00famero uno para mostrar su bella figura.<\/p>\n<p>Fue en esta primera publicaci\u00f3n donde Testino retrat\u00f3 las mejores poses del encanto y la sensualidad de la ex conejita Playboy y ex vigilante de la playa.<\/p>\n<p>Con malla roja, Anderson calent\u00f3 el foco. Enfundada en una camiseta blanca mojada que deja ver sus pechos, encendi\u00f3 el lento y acostada sobre la arena y estirando sensualmente un lado de su bikini quem\u00f3 la arena, m\u00e1s de lo que podr\u00eda haberlo hecho el sol que acompa\u00f1aba ese d\u00eda.<\/p>\n<p>Las instant\u00e1neas fueron tomadas en una playa de Brasil, una producci\u00f3n, seg\u00fan publica Daily Mail, en la que Testino buscaba recrear a la desinhibida C.J. Parker, su personaje en Baywatch. Con o sin su hist\u00f3rico traje de ba\u00f1o rojo, Pamela demuestra que tiene mucho m\u00e1s que un buen pan dulce&#8230;<\/p>\n<p style=\"text-align: justify;\"><a href=\"http:\/\/www.elsindical.com.ar\/notas\/var\/www\/html\/notas\/wp-content\/uploads\/2013\/06\/Pamela-Anderson-Vogue-03.jpg\"><img loading=\"lazy\" decoding=\"async\" class=\"alignleft size-medium wp-image-35162\" alt=\"Pamela-Anderson-Vogue-03\" src=\"http:\/\/www.elsindical.com.ar\/notas\/var\/www\/html\/notas\/wp-content\/uploads\/2013\/06\/Pamela-Anderson-Vogue-03-200x300.jpg\" width=\"200\" height=\"300\" srcset=\"https:\/\/www.elsindical.com.ar\/notas\/var\/www\/html\/notas\/wp-content\/uploads\/2013\/06\/Pamela-Anderson-Vogue-03-200x300.jpg 200w, https:\/\/www.elsindical.com.ar\/notas\/var\/www\/html\/notas\/wp-content\/uploads\/2013\/06\/Pamela-Anderson-Vogue-03.jpg 502w\" sizes=\"auto, (max-width: 200px) 100vw, 200px\" \/><\/a> <a href=\"http:\/\/www.elsindical.com.ar\/notas\/var\/www\/html\/notas\/wp-content\/uploads\/2013\/06\/Pamela-Anderson-Vogue-02.jpg\"><img loading=\"lazy\" decoding=\"async\" class=\"alignleft size-medium wp-image-35163\" alt=\"Pamela-Anderson-Vogue-02\" src=\"http:\/\/www.elsindical.com.ar\/notas\/var\/www\/html\/notas\/wp-content\/uploads\/2013\/06\/Pamela-Anderson-Vogue-02-300x198.jpg\" width=\"300\" height=\"198\" srcset=\"https:\/\/www.elsindical.com.ar\/notas\/var\/www\/html\/notas\/wp-content\/uploads\/2013\/06\/Pamela-Anderson-Vogue-02-300x198.jpg 300w, https:\/\/www.elsindical.com.ar\/notas\/var\/www\/html\/notas\/wp-content\/uploads\/2013\/06\/Pamela-Anderson-Vogue-02-453x300.jpg 453w, https:\/\/www.elsindical.com.ar\/notas\/var\/www\/html\/notas\/wp-content\/uploads\/2013\/06\/Pamela-Anderson-Vogue-02.jpg 531w\" sizes=\"auto, (max-width: 300px) 100vw, 300px\" \/><\/a><\/p>\n","protected":false},"excerpt":{"rendered":"<p>De frente, de perfil, de atr\u00e1s&#8230; la ex chica Baywatch calent\u00f3 la arena de una playa de Brasil. Fotos que ilustran Vogue, gracias al lente de Mario Testino. La belleza no tiene edad&#8230; al menos para Pamela Anderson que se mostr\u00f3 m\u00e1s sexy que nunca a los 45 a\u00f1os. S\u00ed, la ba\u00f1era m\u00e1s sexy de&hellip;<\/p>\n","protected":false},"author":1,"featured_media":0,"comment_status":"open","ping_status":"open","sticky":false,"template":"","format":"standard","meta":{"footnotes":""},"categories":[15],"tags":[95,3631,16304,2130,2004,16305],"class_list":["post-35160","post","type-post","status-publish","format-standard","hentry","category-espectaculos","tag-brasil","tag-fotos","tag-mario-testino","tag-pamela-anderson","tag-sexy","tag-vanity-fair"],"_links":{"self":[{"href":"https:\/\/www.elsindical.com.ar\/notas\/wp-json\/wp\/v2\/posts\/35160","targetHints":{"allow":["GET"]}}],"collection":[{"href":"https:\/\/www.elsindical.com.ar\/notas\/wp-json\/wp\/v2\/posts"}],"about":[{"href":"https:\/\/www.elsindical.com.ar\/notas\/wp-json\/wp\/v2\/types\/post"}],"author":[{"embeddable":true,"href":"https:\/\/www.elsindical.com.ar\/notas\/wp-json\/wp\/v2\/users\/1"}],"replies":[{"embeddable":true,"href":"https:\/\/www.elsindical.com.ar\/notas\/wp-json\/wp\/v2\/comments?post=35160"}],"version-history":[{"count":1,"href":"https:\/\/www.elsindical.com.ar\/notas\/wp-json\/wp\/v2\/posts\/35160\/revisions"}],"predecessor-version":[{"id":35164,"href":"https:\/\/www.elsindical.com.ar\/notas\/wp-json\/wp\/v2\/posts\/35160\/revisions\/35164"}],"wp:attachment":[{"href":"https:\/\/www.elsindical.com.ar\/notas\/wp-json\/wp\/v2\/media?parent=35160"}],"wp:term":[{"taxonomy":"category","embeddable":true,"href":"https:\/\/www.elsindical.com.ar\/notas\/wp-json\/wp\/v2\/categories?post=35160"},{"taxonomy":"post_tag","embeddable":true,"href":"https:\/\/www.elsindical.com.ar\/notas\/wp-json\/wp\/v2\/tags?post=35160"}],"curies":[{"name":"wp","href":"https:\/\/api.w.org\/{rel}","templated":true}]}}